{"id":72828,"date":"2025-03-06T22:39:42","date_gmt":"2025-03-06T21:39:42","guid":{"rendered":"https:\/\/euwps05.newsmemory.com\/ilmercoledi\/news\/2025\/03\/06\/pecetto-alla-chiesa-dei-batu-un-appuntamento-unitre\/"},"modified":"2025-03-06T22:40:47","modified_gmt":"2025-03-06T21:40:47","slug":"pecetto-alla-chiesa-dei-batu-un-appuntamento-unitre","status":"publish","type":"post","link":"https:\/\/www.ilmercoledi.news\/2025\/03\/06\/pecetto-alla-chiesa-dei-batu-un-appuntamento-unitre\/","title":{"rendered":"PECETTO &#8211; Alla Chiesa dei Bat\u00fa un appuntamento Unitre"},"content":{"rendered":"<p>Primo appuntamento griffato 2025 del ciclo di conferenze che l\u2019Unitre Pecetto organizza in paese e apre a tutti, anche ai non iscritti al sodalizio. Il prossimo mercoled\u00ec infatti, dalle 15.30 alle 17.30 negli spazi dei Bat\u00f9 di piazza Roma, sar\u00e0 possibile ascoltare Sergio Donna, torinese di borgo San Paolo e presidente dell\u2019Associazione Monginevro Cultura, nonch\u00e9 autori di romanzi, saggi e poesie in lingua italiana e dialetto piemontese. Non a caso Pecetto verr\u00e0 per parlare della storia dei piemontesi in Argentina, ricordando che la nazione sudamericana ospita una folta comunit\u00e0 di persone originarie della nostra regione.<\/p>\n","protected":false},"excerpt":{"rendered":"","protected":false},"author":11,"featured_media":1416,"comment_status":"open","ping_status":"closed","sticky":false,"template":"","format":"standard","meta":[],"categories":[8],"tags":[],"news-destination":[],"news-source":[],"is_homepage":[581],"ta_other":[],"_links":{"self":[{"href":"https:\/\/www.ilmercoledi.news\/ilmercoledi\/news\/wp-json\/wp\/v2\/posts\/72828"}],"collection":[{"href":"https:\/\/www.ilmercoledi.news\/ilmercoledi\/news\/wp-json\/wp\/v2\/posts"}],"about":[{"href":"https:\/\/www.ilmercoledi.news\/ilmercoledi\/news\/wp-json\/wp\/v2\/types\/post"}],"author":[{"embeddable":true,"href":"https:\/\/www.ilmercoledi.news\/ilmercoledi\/news\/wp-json\/wp\/v2\/users\/11"}],"replies":[{"embeddable":true,"href":"https:\/\/www.ilmercoledi.news\/ilmercoledi\/news\/wp-json\/wp\/v2\/comments?post=72828"}],"version-history":[{"count":0,"href":"https:\/\/www.ilmercoledi.news\/ilmercoledi\/news\/wp-json\/wp\/v2\/posts\/72828\/revisions"}],"wp:featuredmedia":[{"embeddable":true,"href":"https:\/\/www.ilmercoledi.news\/ilmercoledi\/news\/wp-json\/wp\/v2\/media\/1416"}],"wp:attachment":[{"href":"https:\/\/www.ilmercoledi.news\/ilmercoledi\/news\/wp-json\/wp\/v2\/media?parent=72828"}],"wp:term":[{"taxonomy":"category","embeddable":true,"href":"https:\/\/www.ilmercoledi.news\/ilmercoledi\/news\/wp-json\/wp\/v2\/categories?post=72828"},{"taxonomy":"post_tag","embeddable":true,"href":"https:\/\/www.ilmercoledi.news\/ilmercoledi\/news\/wp-json\/wp\/v2\/tags?post=72828"},{"taxonomy":"news-destination","embeddable":true,"href":"https:\/\/www.ilmercoledi.news\/ilmercoledi\/news\/wp-json\/wp\/v2\/news-destination?post=72828"},{"taxonomy":"news-source","embeddable":true,"href":"https:\/\/www.ilmercoledi.news\/ilmercoledi\/news\/wp-json\/wp\/v2\/news-source?post=72828"},{"taxonomy":"is_homepage","embeddable":true,"href":"https:\/\/www.ilmercoledi.news\/ilmercoledi\/news\/wp-json\/wp\/v2\/is_homepage?post=72828"},{"taxonomy":"ta_other","embeddable":true,"href":"https:\/\/www.ilmercoledi.news\/ilmercoledi\/news\/wp-json\/wp\/v2\/ta_other?post=72828"}],"curies":[{"name":"wp","href":"https:\/\/api.w.org\/{rel}","templated":true}]}}