{"id":72852,"date":"2025-03-10T07:40:34","date_gmt":"2025-03-10T06:40:34","guid":{"rendered":"https:\/\/euwps05.newsmemory.com\/ilmercoledi\/news\/2025\/03\/10\/la-loggia-via-alle-iscrizioni-per-soggiorni-marini\/"},"modified":"2025-03-10T07:40:53","modified_gmt":"2025-03-10T06:40:53","slug":"la-loggia-via-alle-iscrizioni-per-soggiorni-marini","status":"publish","type":"post","link":"https:\/\/www.ilmercoledi.news\/2025\/03\/10\/la-loggia-via-alle-iscrizioni-per-soggiorni-marini\/","title":{"rendered":"LA LOGGIA &#8211; Via alle iscrizioni per i soggiorni marini"},"content":{"rendered":"<p>Da marted\u00ec 11 marzo, via alle adesioni per i loggesi ai soggiorni climatici per la terza et\u00e0 (over 55 autosufficienti) organizzati dall\u2019unione dei Comuni di La Loggia, Moncalieri e Trofarello. Le settimane di vacanza si dipaneranno nella prima quindicina di giugno in varie localit\u00e0 della riviera adriatica. La scelta spazia tra Cesenatico, Igea Marina, Rimini, Rivazzurra, Miramare, Pesaro e San Mauro Mare. Il prezzo a persona \u00e8 fissato a 610 euro a settimana, con supplemento di 230 euro per chi desidera la camera singola. La quota comprende: pensione completa, spiaggia, animazione, viaggi in bus e assicurazione. Per i cittadini di altri comuni (che potranno iscriversi solamente dal 26 marzo in poi fino ad esaurimento dei posti disponibili) \u00e8 previsto un supplemento di tariffa.<\/p>\n<p>&nbsp;<\/p>\n<p>Due le modalit\u00e0 di iscrizione tra cui spicca quella online, disponibile 24 ore su 24 dalle 9.30 di marted\u00ec sul sito beta.italcamel.com. In alternativa si pu\u00f2 fare tutto per telefono, dal luned\u00ec al venerd\u00ec in orario 15-18, al numero 348.000.74.75 chiedendo di Sara o Federica.<\/p>\n","protected":false},"excerpt":{"rendered":"","protected":false},"author":11,"featured_media":7350,"comment_status":"open","ping_status":"closed","sticky":false,"template":"","format":"standard","meta":[],"categories":[8],"tags":[],"news-destination":[],"news-source":[],"is_homepage":[581],"ta_other":[],"_links":{"self":[{"href":"https:\/\/www.ilmercoledi.news\/ilmercoledi\/news\/wp-json\/wp\/v2\/posts\/72852"}],"collection":[{"href":"https:\/\/www.ilmercoledi.news\/ilmercoledi\/news\/wp-json\/wp\/v2\/posts"}],"about":[{"href":"https:\/\/www.ilmercoledi.news\/ilmercoledi\/news\/wp-json\/wp\/v2\/types\/post"}],"author":[{"embeddable":true,"href":"https:\/\/www.ilmercoledi.news\/ilmercoledi\/news\/wp-json\/wp\/v2\/users\/11"}],"replies":[{"embeddable":true,"href":"https:\/\/www.ilmercoledi.news\/ilmercoledi\/news\/wp-json\/wp\/v2\/comments?post=72852"}],"version-history":[{"count":0,"href":"https:\/\/www.ilmercoledi.news\/ilmercoledi\/news\/wp-json\/wp\/v2\/posts\/72852\/revisions"}],"wp:featuredmedia":[{"embeddable":true,"href":"https:\/\/www.ilmercoledi.news\/ilmercoledi\/news\/wp-json\/wp\/v2\/media\/7350"}],"wp:attachment":[{"href":"https:\/\/www.ilmercoledi.news\/ilmercoledi\/news\/wp-json\/wp\/v2\/media?parent=72852"}],"wp:term":[{"taxonomy":"category","embeddable":true,"href":"https:\/\/www.ilmercoledi.news\/ilmercoledi\/news\/wp-json\/wp\/v2\/categories?post=72852"},{"taxonomy":"post_tag","embeddable":true,"href":"https:\/\/www.ilmercoledi.news\/ilmercoledi\/news\/wp-json\/wp\/v2\/tags?post=72852"},{"taxonomy":"news-destination","embeddable":true,"href":"https:\/\/www.ilmercoledi.news\/ilmercoledi\/news\/wp-json\/wp\/v2\/news-destination?post=72852"},{"taxonomy":"news-source","embeddable":true,"href":"https:\/\/www.ilmercoledi.news\/ilmercoledi\/news\/wp-json\/wp\/v2\/news-source?post=72852"},{"taxonomy":"is_homepage","embeddable":true,"href":"https:\/\/www.ilmercoledi.news\/ilmercoledi\/news\/wp-json\/wp\/v2\/is_homepage?post=72852"},{"taxonomy":"ta_other","embeddable":true,"href":"https:\/\/www.ilmercoledi.news\/ilmercoledi\/news\/wp-json\/wp\/v2\/ta_other?post=72852"}],"curies":[{"name":"wp","href":"https:\/\/api.w.org\/{rel}","templated":true}]}}