{"id":72857,"date":"2025-03-10T07:35:30","date_gmt":"2025-03-10T06:35:30","guid":{"rendered":"https:\/\/euwps06.newsmemory.com\/ilmercoledi\/news\/2025\/03\/10\/nichelino-queen-provincia-per-la-solidarieta\/"},"modified":"2025-03-10T07:35:32","modified_gmt":"2024-10-11T07:35:32","slug":"nichelino-queen-provincia-per-la-solidarieta","status":"publish","type":"post","link":"https:\/\/www.ilmercoledi.news\/2025\/03\/10\/nichelino-queen-provincia-per-la-solidarieta\/","title":{"rendered":"NICHELINO &#8211; Queen of Provincia per la solidariet\u00e0"},"content":{"rendered":"<p>All\u2019Open Factory di Nichelino successo per \u201cQueen of Provincia\u201d, la mini-rassegna della cantante Francamente che unisce musica, arte e un forte messaggio di solidariet\u00e0.<\/p>\n<p>Parte dell\u2019incasso, infatti, \u00e8 stato devoluto a Insieme per Vincere Onlus, associazione nichelinese attiva dal 2003, che sostiene la ricerca sul cancro, promuove percorsi per la comprensione dell\u2019autismo e realizza centri di accoglienza per bambine in difficolt\u00e0 in Africa.<\/p>\n<p>&#8220;Vedere i giovani artisti della nostra citt\u00e0 crescere, affermarsi e poi tornare per dare qualcosa alla comunit\u00e0 \u00e8 per me motivo di grande orgoglio&#8221;, ha spiegato il sindaco Giampiero Tolardo.<\/p>\n<p>&nbsp;<\/p>\n<p>Giampiero.<\/p>\n","protected":false},"excerpt":{"rendered":"","protected":false},"author":11,"featured_media":72856,"comment_status":"open","ping_status":"closed","sticky":false,"template":"","format":"standard","meta":[],"categories":[8],"tags":[],"news-destination":[],"news-source":[],"is_homepage":[581],"ta_other":[],"_links":{"self":[{"href":"https:\/\/www.ilmercoledi.news\/ilmercoledi\/news\/wp-json\/wp\/v2\/posts\/72857"}],"collection":[{"href":"https:\/\/www.ilmercoledi.news\/ilmercoledi\/news\/wp-json\/wp\/v2\/posts"}],"about":[{"href":"https:\/\/www.ilmercoledi.news\/ilmercoledi\/news\/wp-json\/wp\/v2\/types\/post"}],"author":[{"embeddable":true,"href":"https:\/\/www.ilmercoledi.news\/ilmercoledi\/news\/wp-json\/wp\/v2\/users\/11"}],"replies":[{"embeddable":true,"href":"https:\/\/www.ilmercoledi.news\/ilmercoledi\/news\/wp-json\/wp\/v2\/comments?post=72857"}],"version-history":[{"count":0,"href":"https:\/\/www.ilmercoledi.news\/ilmercoledi\/news\/wp-json\/wp\/v2\/posts\/72857\/revisions"}],"wp:featuredmedia":[{"embeddable":true,"href":"https:\/\/www.ilmercoledi.news\/ilmercoledi\/news\/wp-json\/wp\/v2\/media\/72856"}],"wp:attachment":[{"href":"https:\/\/www.ilmercoledi.news\/ilmercoledi\/news\/wp-json\/wp\/v2\/media?parent=72857"}],"wp:term":[{"taxonomy":"category","embeddable":true,"href":"https:\/\/www.ilmercoledi.news\/ilmercoledi\/news\/wp-json\/wp\/v2\/categories?post=72857"},{"taxonomy":"post_tag","embeddable":true,"href":"https:\/\/www.ilmercoledi.news\/ilmercoledi\/news\/wp-json\/wp\/v2\/tags?post=72857"},{"taxonomy":"news-destination","embeddable":true,"href":"https:\/\/www.ilmercoledi.news\/ilmercoledi\/news\/wp-json\/wp\/v2\/news-destination?post=72857"},{"taxonomy":"news-source","embeddable":true,"href":"https:\/\/www.ilmercoledi.news\/ilmercoledi\/news\/wp-json\/wp\/v2\/news-source?post=72857"},{"taxonomy":"is_homepage","embeddable":true,"href":"https:\/\/www.ilmercoledi.news\/ilmercoledi\/news\/wp-json\/wp\/v2\/is_homepage?post=72857"},{"taxonomy":"ta_other","embeddable":true,"href":"https:\/\/www.ilmercoledi.news\/ilmercoledi\/news\/wp-json\/wp\/v2\/ta_other?post=72857"}],"curies":[{"name":"wp","href":"https:\/\/api.w.org\/{rel}","templated":true}]}}