{"id":72891,"date":"2025-03-11T21:41:56","date_gmt":"2025-03-11T20:41:56","guid":{"rendered":"https:\/\/euwps06.newsmemory.com\/ilmercoledi\/news\/2025\/03\/11\/carmagnola-prende-il-via-samsara-il-ciclo-delle-idee\/"},"modified":"2025-03-11T21:41:58","modified_gmt":"2024-10-12T21:41:58","slug":"carmagnola-prende-il-via-samsara-il-ciclo-delle-idee","status":"publish","type":"post","link":"https:\/\/www.ilmercoledi.news\/2025\/03\/11\/carmagnola-prende-il-via-samsara-il-ciclo-delle-idee\/","title":{"rendered":"CARMAGNOLA &#8211; Prende il via Samsara, il ciclo delle idee"},"content":{"rendered":"<p>Prende avvio \u201cSamsara \u2013 Il ciclo delle idee\u201d, un progetto sociale e culturale del Comune di Carmagnola; sostenuto dall\u2019Assessorato alle Politiche Sociali della Regione Piemonte, ideato e promosso dall\u2019Agenzia \u201cTra le linee\u201d. Il progetto pone al centro la comunit\u00e0 e il valore del confronto intergenerazionale, con l\u2019obiettivo di coinvolgere attivamente cittadini, associazioni, scuole e realt\u00e0 del territorio in un percorso di crescita collettiva, formazione e partecipazione civica.<\/p>\n<p>&nbsp;<\/p>\n<p>Il percorso di avvicinamento alla tre giorni, che animer\u00e0 Carmagnola dal 20 al 22 giugno, prevede un ciclo di incontri tematici tra marzo e maggio, con momenti di approfondimento su temi di grande attualit\u00e0 come sport e inclusione, letteratura, storia e cultura.<\/p>\n<p>&nbsp;<\/p>\n<p>Il primo appuntamento, con ingresso libero e gratuito, \u00e8 in programma venerd\u00ec 14 marzo alle ore 18.30 presso la struttura polifunzionale degli Antichi Bastioni di Carmagnola, con l\u2019incontro \u201cLo Sport degli altri\u201d, che vedr\u00e0 la partecipazione di Ivo Ferriani, membro esecutivo del Comitato Olimpico Internazionale (CIO) e componente della Giunta del CONI.<\/p>\n<p>&nbsp;<\/p>\n<p>\u00abI legami di una comunit\u00e0 si rafforzano mettendo in dialogo generazioni diverse, connettendo passato, identit\u00e0 e futuro. Con Samsara vogliamo creare uno spazio di confronto dove si possano condividere esperienze, saperi e prospettive, costruendo insieme nuove opportunit\u00e0. Samsara \u00e8 il ponte tra locale e globale, tra tradizione e innovazione, diventando un vero e proprio laboratorio di idee condivise e di crescita collettiva\u00bb \u2013 commenta il vicesindaco Alessandro Cammarata, assessore alla Cultura.<\/p>\n<p>&nbsp;<\/p>\n<p>Il percorso culminer\u00e0 dal 20 al 22 giugno con tre giorni di incontri, dibattiti e presentazioni di libri, durante i quali Carmagnola si trasformer\u00e0 in un vero e proprio laboratorio di idee, ospitando figure di rilievo del mondo del giornalismo, dell\u2019arte, del cinema, dell\u2019attivismo civico e di altri settori strategici.<\/p>\n<p>&nbsp;<\/p>\n<p>La direzione artistica \u00e8 affidata al giornalista Sebastiano Caputo: \u00abFin da subito questa piccola citt\u00e0 medievale mi ha riportato al senso di \u2018viaggio di frontiera\u2019. Samsara diventer\u00e0 infatti il punto di incontro e di equilibrio tra le eccellenze del territorio piemontese e l\u2019universalit\u00e0 delle idee attraverso presentazioni di libri e dialoghi con ospiti di eccezione. Questa prima edizione di Samsara vuole essere una bussola che indichi le coordinate del passato, del presente e del futuro\u00bb.<\/p>\n<p>&nbsp;<\/p>\n<p>Con \u201cSamsara &#8211; Il ciclo delle idee\u201d, il Comune di Carmagnola, insieme alle realt\u00e0 associative e ai cittadini, d\u00e0 cos\u00ec vita ad un progetto capace di generare un impatto sociale concreto, creando connessioni tra le persone e valorizzando il patrimonio di esperienze e competenze della comunit\u00e0.<\/p>\n<p>&nbsp;<\/p>\n<p>Fin dalle prime fasi, infatti, Samsara ha coinvolto direttamente i cittadini, con una particolare attenzione alle scuole, alle associazioni locali e ai giovani, chiamati a partecipare attivamente alla progettazione e organizzazione degli eventi, acquisendo cos\u00ec competenze utili in molteplici ambiti, compreso quello lavorativo.<\/p>\n<p>&nbsp;<\/p>\n<p>\u00abCarmagnola \u00e8 una citt\u00e0 che guarda al futuro valorizzando il proprio patrimonio culturale e sociale. Con \u201cSamsara \u2013 Il ciclo delle idee\u201d vogliamo dare alla nostra comunit\u00e0 un\u2019opportunit\u00e0 concreta per crescere attraverso il dialogo, l\u2019ascolto e il confronto. Crediamo che la partecipazione attiva e il coinvolgimento dei cittadini, in particolare dei giovani, siano la chiave per costruire una societ\u00e0 pi\u00f9 consapevole e inclusiva. Questo progetto rappresenta un\u2019occasione preziosa per rafforzare i legami tra generazioni e per stimolare nuove idee, capaci di generare un impatto positivo duraturo sul nostro territorio.\u00bb &#8211; commenta il sindaco Ivana Gaveglio<\/p>\n","protected":false},"excerpt":{"rendered":"","protected":false},"author":11,"featured_media":3578,"comment_status":"open","ping_status":"closed","sticky":false,"template":"","format":"standard","meta":[],"categories":[8],"tags":[],"news-destination":[],"news-source":[],"is_homepage":[581],"ta_other":[],"_links":{"self":[{"href":"https:\/\/www.ilmercoledi.news\/ilmercoledi\/news\/wp-json\/wp\/v2\/posts\/72891"}],"collection":[{"href":"https:\/\/www.ilmercoledi.news\/ilmercoledi\/news\/wp-json\/wp\/v2\/posts"}],"about":[{"href":"https:\/\/www.ilmercoledi.news\/ilmercoledi\/news\/wp-json\/wp\/v2\/types\/post"}],"author":[{"embeddable":true,"href":"https:\/\/www.ilmercoledi.news\/ilmercoledi\/news\/wp-json\/wp\/v2\/users\/11"}],"replies":[{"embeddable":true,"href":"https:\/\/www.ilmercoledi.news\/ilmercoledi\/news\/wp-json\/wp\/v2\/comments?post=72891"}],"version-history":[{"count":0,"href":"https:\/\/www.ilmercoledi.news\/ilmercoledi\/news\/wp-json\/wp\/v2\/posts\/72891\/revisions"}],"wp:featuredmedia":[{"embeddable":true,"href":"https:\/\/www.ilmercoledi.news\/ilmercoledi\/news\/wp-json\/wp\/v2\/media\/3578"}],"wp:attachment":[{"href":"https:\/\/www.ilmercoledi.news\/ilmercoledi\/news\/wp-json\/wp\/v2\/media?parent=72891"}],"wp:term":[{"taxonomy":"category","embeddable":true,"href":"https:\/\/www.ilmercoledi.news\/ilmercoledi\/news\/wp-json\/wp\/v2\/categories?post=72891"},{"taxonomy":"post_tag","embeddable":true,"href":"https:\/\/www.ilmercoledi.news\/ilmercoledi\/news\/wp-json\/wp\/v2\/tags?post=72891"},{"taxonomy":"news-destination","embeddable":true,"href":"https:\/\/www.ilmercoledi.news\/ilmercoledi\/news\/wp-json\/wp\/v2\/news-destination?post=72891"},{"taxonomy":"news-source","embeddable":true,"href":"https:\/\/www.ilmercoledi.news\/ilmercoledi\/news\/wp-json\/wp\/v2\/news-source?post=72891"},{"taxonomy":"is_homepage","embeddable":true,"href":"https:\/\/www.ilmercoledi.news\/ilmercoledi\/news\/wp-json\/wp\/v2\/is_homepage?post=72891"},{"taxonomy":"ta_other","embeddable":true,"href":"https:\/\/www.ilmercoledi.news\/ilmercoledi\/news\/wp-json\/wp\/v2\/ta_other?post=72891"}],"curies":[{"name":"wp","href":"https:\/\/api.w.org\/{rel}","templated":true}]}}