{"id":72897,"date":"2025-03-11T22:18:10","date_gmt":"2025-03-11T21:18:10","guid":{"rendered":"https:\/\/euwps06.newsmemory.com\/ilmercoledi\/news\/2025\/03\/11\/asl-to5-allassemblea-dei-sindaci-presentato-il-progetto-del-nuovo-ospedale-unico\/"},"modified":"2025-03-17T10:44:19","modified_gmt":"2024-10-18T10:44:19","slug":"asl-to5-allassemblea-dei-sindaci-presentato-il-progetto-del-nuovo-ospedale-unico","status":"publish","type":"post","link":"https:\/\/www.ilmercoledi.news\/2025\/03\/11\/asl-to5-allassemblea-dei-sindaci-presentato-il-progetto-del-nuovo-ospedale-unico\/","title":{"rendered":"ASL TO5 &#8211; All&#8217;assemblea dei sindaci presentato il progetto del nuovo ospedale unico"},"content":{"rendered":"<p>Questo pomeriggio presso l\u2019auditorium Leo Chiosso di Chieri si \u00e8 tenuta la Conferenza dei Sindaci dell\u2019ASL TO5. Tra i temi all\u2019ordine del giorno c\u2019\u00e8 stata l\u2019elezione del sindaco di Moncucco Torinese, Daniele Giuseppe Bargetto, quale quinto componente della Rappresentanza dei Sindacimoggi composta dai sindaci di Moncalieri, Chieri, Nichelino e Carignano. A seguire sono stati illustrati i risultati raggiunti in relazione agli obiettivi assegnati all\u2019ASL dalla Regione per il 2024, approvati dalla maggioranza dei Sindaci. Tra i punti toccati ci sono stati la situazione del personale e delle liste di attesa. Il dott. Bruno Osella, Direttore Generale dell\u2019ASL TO5, ha precisato: \u201cCon le ultime assunzioni realizzate nei primi mesi del 2025 \u00e8 stato coperto il fabbisogno di infermieri che permetter\u00e0, dal 16 marzo, di internalizzare il servizio di assistenza nel reparto di semi intensiva di Chieri. Per quanto riguarda le liste di attesa, dall\u2019avvio delle prestazioni aggiuntive, avvenute il 22 febbraio, ad oggi sono state realizzate 600 prestazioni in pi\u00f9.\u201d Durante la Conferenza, alla presenza del Presidente della Giunta Regionale Davide Nicco e dell\u2019Assessore alla Sanit\u00e0 Federico Riboldi \u00e8 stato illustrato il progetto di fattibilit\u00e0 tecnica economica del nuovo ospedale realizzato dalla ditta di Tecnicaer Engineering srl. Il progetto del nuovo ospedale di Cambiano \u00e8 uno dei pi\u00f9 evoluti al livello di contenutistica tra quelli attualmente in progettazione in Piemonte. Sar\u00e0 articolato come un monoblocco che vedr\u00e0 distinto \u201cl\u2019ospedale di giorno\u201d, ovvero quello che ospiter\u00e0 i servizi ambulatoriali, dai reparti di ricovero. Tale articolazione permetter\u00e0 inoltre, in caso di nuove pandemie, di suddividere lo spazio in blocchi pi\u00f9 piccoli per garantire il funzionamento delle attivit\u00e0 quotidiane. Ci saranno oltre 700 parcheggi con aree dedicate al Pronto Soccorso, al Pronto Soccorso Materno Infantile, alla Psichiatria e alla Dialisi.<\/p>\n<p>Il Presidente della Giunta Regionale Davide Nicco commenta: \u201cRingrazio l\u2019Assessore Riboldi che sta gestendo egregiamente questa partita. L\u2019edifico sar\u00e0 quasi totalmente su un\u2019area gi\u00e0compromessa e sono soddisfatto, da ex Sindaco e da cittadino, che dopo 40 anni finalmente si sia giunti ad un vero progetto.\u201d Aggiunge l\u2019Assessore Federico Riboldi: \u201cRingrazio innanzitutto chi ha lavorato al progetto rispettando i tempi. Quando ho deciso di confermare alla guida dell\u2019ASL TO5 il dott. Osella l\u2019ho fatto proprio perch\u00e9 ha lavorato meglio di altri su questo tema. \u00c8 un progetto da un punto di vista tecnico e clinico avveniristico e performante, qui si utilizzer\u00e0 al meglio il tempo dei clinici, ci sar\u00e0 un uso pi\u00f9 efficiente dell\u2019energia e gli spazi saranno umanizzati. Uno spazio efficiente e moderno servir\u00e0 inoltre ad attirare professionalit\u00e0. Anche nei luoghi non capoluogo di provincia la Sanit\u00e0 dev\u2019essere all\u2019altezza dei centri pi\u00f9 grandi. Per quanto riguarda il futuro degli ospedali esistenti questo dovr\u00e0 essere deciso con le comunit\u00e0 locali per evitare l\u2019abbandono delle strutture.\u201d<\/p>\n<p>Il dott. Osella aggiunge: \u201cEntro fine anno tutto passer\u00e0 nelle mani dell\u2019INAIL che sar\u00e0 responsabile della realizzazione dell\u2019opera. Da qui in poi saranno necessari almeno 5- 6 anni\u201d<\/p>\n","protected":false},"excerpt":{"rendered":"","protected":false},"author":11,"featured_media":72202,"comment_status":"open","ping_status":"closed","sticky":false,"template":"","format":"standard","meta":[],"categories":[8],"tags":[],"news-destination":[],"news-source":[],"is_homepage":[581],"ta_other":[],"_links":{"self":[{"href":"https:\/\/www.ilmercoledi.news\/ilmercoledi\/news\/wp-json\/wp\/v2\/posts\/72897"}],"collection":[{"href":"https:\/\/www.ilmercoledi.news\/ilmercoledi\/news\/wp-json\/wp\/v2\/posts"}],"about":[{"href":"https:\/\/www.ilmercoledi.news\/ilmercoledi\/news\/wp-json\/wp\/v2\/types\/post"}],"author":[{"embeddable":true,"href":"https:\/\/www.ilmercoledi.news\/ilmercoledi\/news\/wp-json\/wp\/v2\/users\/11"}],"replies":[{"embeddable":true,"href":"https:\/\/www.ilmercoledi.news\/ilmercoledi\/news\/wp-json\/wp\/v2\/comments?post=72897"}],"version-history":[{"count":1,"href":"https:\/\/www.ilmercoledi.news\/ilmercoledi\/news\/wp-json\/wp\/v2\/posts\/72897\/revisions"}],"predecessor-version":[{"id":72910,"href":"https:\/\/www.ilmercoledi.news\/ilmercoledi\/news\/wp-json\/wp\/v2\/posts\/72897\/revisions\/72910"}],"wp:featuredmedia":[{"embeddable":true,"href":"https:\/\/www.ilmercoledi.news\/ilmercoledi\/news\/wp-json\/wp\/v2\/media\/72202"}],"wp:attachment":[{"href":"https:\/\/www.ilmercoledi.news\/ilmercoledi\/news\/wp-json\/wp\/v2\/media?parent=72897"}],"wp:term":[{"taxonomy":"category","embeddable":true,"href":"https:\/\/www.ilmercoledi.news\/ilmercoledi\/news\/wp-json\/wp\/v2\/categories?post=72897"},{"taxonomy":"post_tag","embeddable":true,"href":"https:\/\/www.ilmercoledi.news\/ilmercoledi\/news\/wp-json\/wp\/v2\/tags?post=72897"},{"taxonomy":"news-destination","embeddable":true,"href":"https:\/\/www.ilmercoledi.news\/ilmercoledi\/news\/wp-json\/wp\/v2\/news-destination?post=72897"},{"taxonomy":"news-source","embeddable":true,"href":"https:\/\/www.ilmercoledi.news\/ilmercoledi\/news\/wp-json\/wp\/v2\/news-source?post=72897"},{"taxonomy":"is_homepage","embeddable":true,"href":"https:\/\/www.ilmercoledi.news\/ilmercoledi\/news\/wp-json\/wp\/v2\/is_homepage?post=72897"},{"taxonomy":"ta_other","embeddable":true,"href":"https:\/\/www.ilmercoledi.news\/ilmercoledi\/news\/wp-json\/wp\/v2\/ta_other?post=72897"}],"curies":[{"name":"wp","href":"https:\/\/api.w.org\/{rel}","templated":true}]}}