{"id":72898,"date":"2025-03-12T06:47:26","date_gmt":"2025-03-12T05:47:26","guid":{"rendered":"https:\/\/euwps06.newsmemory.com\/ilmercoledi\/news\/2025\/03\/12\/candiolo-si-sente-male-alla-guida-lo-salva-un-altro-automobilista\/"},"modified":"2025-03-12T06:59:39","modified_gmt":"2024-10-13T06:59:39","slug":"candiolo-si-sente-male-alla-guida-lo-salva-un-altro-automobilista","status":"publish","type":"post","link":"https:\/\/www.ilmercoledi.news\/2025\/03\/12\/candiolo-si-sente-male-alla-guida-lo-salva-un-altro-automobilista\/","title":{"rendered":"CANDIOLO &#8211; Si sente male alla guida, lo salva un altro automobilista"},"content":{"rendered":"<p>Intervento delle forze dell\u2019ordine e di un\u2019equipe medica a Candiolo, nel pomeriggio di luned\u00ec, per soccorrere un automobilista colto da una malore improvviso mentre si trovava al volante del suo veicolo. Il fatto \u00e8 avvenuto intorno alle 17.15 in prossimit\u00e0 dell\u2019intersezione tra le vie Europa e Pinerolo. Allo scattare della luce verde una macchina che avrebbe dovuto ripartire \u00e8 rimasta immobile e dopo qualche clacsonata qualcuno si \u00e8 reso conto che doveva esserci qualcosa che non andava, qualcosa si grave. Ad accorgersene \u00e8 stato il conducente della vettura che seguiva quella ferma. L&#8217;uomo \u00e9 poi stato portato in ospedale per le cure del caso.<\/p>\n","protected":false},"excerpt":{"rendered":"","protected":false},"author":11,"featured_media":34165,"comment_status":"open","ping_status":"closed","sticky":false,"template":"","format":"standard","meta":[],"categories":[8],"tags":[],"news-destination":[],"news-source":[],"is_homepage":[581],"ta_other":[],"_links":{"self":[{"href":"https:\/\/www.ilmercoledi.news\/ilmercoledi\/news\/wp-json\/wp\/v2\/posts\/72898"}],"collection":[{"href":"https:\/\/www.ilmercoledi.news\/ilmercoledi\/news\/wp-json\/wp\/v2\/posts"}],"about":[{"href":"https:\/\/www.ilmercoledi.news\/ilmercoledi\/news\/wp-json\/wp\/v2\/types\/post"}],"author":[{"embeddable":true,"href":"https:\/\/www.ilmercoledi.news\/ilmercoledi\/news\/wp-json\/wp\/v2\/users\/11"}],"replies":[{"embeddable":true,"href":"https:\/\/www.ilmercoledi.news\/ilmercoledi\/news\/wp-json\/wp\/v2\/comments?post=72898"}],"version-history":[{"count":1,"href":"https:\/\/www.ilmercoledi.news\/ilmercoledi\/news\/wp-json\/wp\/v2\/posts\/72898\/revisions"}],"predecessor-version":[{"id":72909,"href":"https:\/\/www.ilmercoledi.news\/ilmercoledi\/news\/wp-json\/wp\/v2\/posts\/72898\/revisions\/72909"}],"wp:featuredmedia":[{"embeddable":true,"href":"https:\/\/www.ilmercoledi.news\/ilmercoledi\/news\/wp-json\/wp\/v2\/media\/34165"}],"wp:attachment":[{"href":"https:\/\/www.ilmercoledi.news\/ilmercoledi\/news\/wp-json\/wp\/v2\/media?parent=72898"}],"wp:term":[{"taxonomy":"category","embeddable":true,"href":"https:\/\/www.ilmercoledi.news\/ilmercoledi\/news\/wp-json\/wp\/v2\/categories?post=72898"},{"taxonomy":"post_tag","embeddable":true,"href":"https:\/\/www.ilmercoledi.news\/ilmercoledi\/news\/wp-json\/wp\/v2\/tags?post=72898"},{"taxonomy":"news-destination","embeddable":true,"href":"https:\/\/www.ilmercoledi.news\/ilmercoledi\/news\/wp-json\/wp\/v2\/news-destination?post=72898"},{"taxonomy":"news-source","embeddable":true,"href":"https:\/\/www.ilmercoledi.news\/ilmercoledi\/news\/wp-json\/wp\/v2\/news-source?post=72898"},{"taxonomy":"is_homepage","embeddable":true,"href":"https:\/\/www.ilmercoledi.news\/ilmercoledi\/news\/wp-json\/wp\/v2\/is_homepage?post=72898"},{"taxonomy":"ta_other","embeddable":true,"href":"https:\/\/www.ilmercoledi.news\/ilmercoledi\/news\/wp-json\/wp\/v2\/ta_other?post=72898"}],"curies":[{"name":"wp","href":"https:\/\/api.w.org\/{rel}","templated":true}]}}