{"id":72901,"date":"2025-03-12T06:52:47","date_gmt":"2025-03-12T05:52:47","guid":{"rendered":"https:\/\/euwps06.newsmemory.com\/ilmercoledi\/news\/2025\/03\/12\/moncalieri-torna-lappuntamento-con-giardini-miniatura\/"},"modified":"2025-03-12T06:59:22","modified_gmt":"2024-10-13T06:59:22","slug":"moncalieri-torna-lappuntamento-con-giardini-miniatura","status":"publish","type":"post","link":"https:\/\/www.ilmercoledi.news\/2025\/03\/12\/moncalieri-torna-lappuntamento-con-giardini-miniatura\/","title":{"rendered":"MONCALIERI &#8211; Torna l&#8217;appuntamento con i giardini in miniatura"},"content":{"rendered":"<p>Nuovo appuntamento di \u00abGiardino in Miniatura &#8211; Composizione di un Balcone\u00bb, l\u2019iniziativa promossa dal comune in collaborazione con Orticola del Piemonte dedicata a tutti coloro che desiderano trasformare il proprio balcone in un angolo verde, migliorando l\u2019ambiente urbano e contribuendo alla biodiversit\u00e0 cittadina.<\/p>\n<p>&nbsp;<\/p>\n<p>Marted\u00ec 18 marzo a partire dalle ore 18 in biblioteca (via Cavour 31) si parler\u00e0 di \u00abRose in Balcone e in Cortile\u00bb con il Vivaio Anna Peyron di Saskia Pellion di Persano. Occasione per imparare direttamente dai migliori esperti e ricevere consigli pratici per curare il proprio spazio verde. \u00abGiardino in Miniatura\u00bb \u00e8 solo una delle iniziative verdi promosse dal Comune di Moncalieri. Il 12 e 13 aprile torna Flor\u00ec, la mostra florovivaistica nel cuore della citt\u00e0, alla sua seconda edizione, mentre in occasione di \u00abVerde Svelato\u00bb, la manifestazione inserita all\u2019interno del Festival del Verde, in programma il 24 e 25 maggio, saranno svelati i vincitori del Contest Fotografico legato alla manifestazione.<\/p>\n","protected":false},"excerpt":{"rendered":"","protected":false},"author":11,"featured_media":29450,"comment_status":"open","ping_status":"closed","sticky":false,"template":"","format":"standard","meta":[],"categories":[8],"tags":[],"news-destination":[],"news-source":[],"is_homepage":[581],"ta_other":[],"_links":{"self":[{"href":"https:\/\/www.ilmercoledi.news\/ilmercoledi\/news\/wp-json\/wp\/v2\/posts\/72901"}],"collection":[{"href":"https:\/\/www.ilmercoledi.news\/ilmercoledi\/news\/wp-json\/wp\/v2\/posts"}],"about":[{"href":"https:\/\/www.ilmercoledi.news\/ilmercoledi\/news\/wp-json\/wp\/v2\/types\/post"}],"author":[{"embeddable":true,"href":"https:\/\/www.ilmercoledi.news\/ilmercoledi\/news\/wp-json\/wp\/v2\/users\/11"}],"replies":[{"embeddable":true,"href":"https:\/\/www.ilmercoledi.news\/ilmercoledi\/news\/wp-json\/wp\/v2\/comments?post=72901"}],"version-history":[{"count":1,"href":"https:\/\/www.ilmercoledi.news\/ilmercoledi\/news\/wp-json\/wp\/v2\/posts\/72901\/revisions"}],"predecessor-version":[{"id":72908,"href":"https:\/\/www.ilmercoledi.news\/ilmercoledi\/news\/wp-json\/wp\/v2\/posts\/72901\/revisions\/72908"}],"wp:featuredmedia":[{"embeddable":true,"href":"https:\/\/www.ilmercoledi.news\/ilmercoledi\/news\/wp-json\/wp\/v2\/media\/29450"}],"wp:attachment":[{"href":"https:\/\/www.ilmercoledi.news\/ilmercoledi\/news\/wp-json\/wp\/v2\/media?parent=72901"}],"wp:term":[{"taxonomy":"category","embeddable":true,"href":"https:\/\/www.ilmercoledi.news\/ilmercoledi\/news\/wp-json\/wp\/v2\/categories?post=72901"},{"taxonomy":"post_tag","embeddable":true,"href":"https:\/\/www.ilmercoledi.news\/ilmercoledi\/news\/wp-json\/wp\/v2\/tags?post=72901"},{"taxonomy":"news-destination","embeddable":true,"href":"https:\/\/www.ilmercoledi.news\/ilmercoledi\/news\/wp-json\/wp\/v2\/news-destination?post=72901"},{"taxonomy":"news-source","embeddable":true,"href":"https:\/\/www.ilmercoledi.news\/ilmercoledi\/news\/wp-json\/wp\/v2\/news-source?post=72901"},{"taxonomy":"is_homepage","embeddable":true,"href":"https:\/\/www.ilmercoledi.news\/ilmercoledi\/news\/wp-json\/wp\/v2\/is_homepage?post=72901"},{"taxonomy":"ta_other","embeddable":true,"href":"https:\/\/www.ilmercoledi.news\/ilmercoledi\/news\/wp-json\/wp\/v2\/ta_other?post=72901"}],"curies":[{"name":"wp","href":"https:\/\/api.w.org\/{rel}","templated":true}]}}