{"id":72938,"date":"2025-03-12T21:28:37","date_gmt":"2025-03-12T20:28:37","guid":{"rendered":"https:\/\/euwps05.newsmemory.com\/ilmercoledi\/news\/2025\/03\/12\/nichelino-pulmino-amico-per-il-cisa-12\/"},"modified":"2025-03-17T10:44:56","modified_gmt":"2025-03-17T09:44:56","slug":"nichelino-pulmino-amico-per-il-cisa-12","status":"publish","type":"post","link":"https:\/\/www.ilmercoledi.news\/2025\/03\/12\/nichelino-pulmino-amico-per-il-cisa-12\/","title":{"rendered":"NICHELINO &#8211; Pulmino amico per il Cisa 12"},"content":{"rendered":"<p>Questa mattina a Nichelino presentazione di Pulminoamico : un\u2019iniziativa che prevede la dotazione di veicoli attrezzati per diverse esigenze, realizzata grazie al contributo delle aziende sponsor che, aderendo al progetto, applicano il proprio logo sulla carrozzeria dei mezzi.<\/p>\n<p>A Nichelino, un nuovo veicolo verr\u00e0 affidato al CISA 12, potenziando cos\u00ec i servizi sociali, con particolare attenzione all\u2019educativa territoriale e all\u2019assistenza domiciliare.<\/p>\n<p>Pulmino Amico risponde all\u2019esigenza di garantire un accompagnamento protetto alle persone fragili, colmando il divario tra la necessit\u00e0 di mobilit\u00e0 e la disponibilit\u00e0 di strumenti. &#8220;Tutto ci\u00f2 \u00e8 possibile grazie agli imprenditori che hanno scelto di investire nel sociale, dimostrando sensibilit\u00e0 e attenzione verso il benessere della comunit\u00e0&#8221;, dice il sindaco Giampiero Tolardo<\/p>\n","protected":false},"excerpt":{"rendered":"","protected":false},"author":11,"featured_media":72937,"comment_status":"open","ping_status":"closed","sticky":false,"template":"","format":"standard","meta":[],"categories":[8],"tags":[],"news-destination":[],"news-source":[],"is_homepage":[581],"ta_other":[],"_links":{"self":[{"href":"https:\/\/www.ilmercoledi.news\/ilmercoledi\/news\/wp-json\/wp\/v2\/posts\/72938"}],"collection":[{"href":"https:\/\/www.ilmercoledi.news\/ilmercoledi\/news\/wp-json\/wp\/v2\/posts"}],"about":[{"href":"https:\/\/www.ilmercoledi.news\/ilmercoledi\/news\/wp-json\/wp\/v2\/types\/post"}],"author":[{"embeddable":true,"href":"https:\/\/www.ilmercoledi.news\/ilmercoledi\/news\/wp-json\/wp\/v2\/users\/11"}],"replies":[{"embeddable":true,"href":"https:\/\/www.ilmercoledi.news\/ilmercoledi\/news\/wp-json\/wp\/v2\/comments?post=72938"}],"version-history":[{"count":1,"href":"https:\/\/www.ilmercoledi.news\/ilmercoledi\/news\/wp-json\/wp\/v2\/posts\/72938\/revisions"}],"predecessor-version":[{"id":72940,"href":"https:\/\/www.ilmercoledi.news\/ilmercoledi\/news\/wp-json\/wp\/v2\/posts\/72938\/revisions\/72940"}],"wp:featuredmedia":[{"embeddable":true,"href":"https:\/\/www.ilmercoledi.news\/ilmercoledi\/news\/wp-json\/wp\/v2\/media\/72937"}],"wp:attachment":[{"href":"https:\/\/www.ilmercoledi.news\/ilmercoledi\/news\/wp-json\/wp\/v2\/media?parent=72938"}],"wp:term":[{"taxonomy":"category","embeddable":true,"href":"https:\/\/www.ilmercoledi.news\/ilmercoledi\/news\/wp-json\/wp\/v2\/categories?post=72938"},{"taxonomy":"post_tag","embeddable":true,"href":"https:\/\/www.ilmercoledi.news\/ilmercoledi\/news\/wp-json\/wp\/v2\/tags?post=72938"},{"taxonomy":"news-destination","embeddable":true,"href":"https:\/\/www.ilmercoledi.news\/ilmercoledi\/news\/wp-json\/wp\/v2\/news-destination?post=72938"},{"taxonomy":"news-source","embeddable":true,"href":"https:\/\/www.ilmercoledi.news\/ilmercoledi\/news\/wp-json\/wp\/v2\/news-source?post=72938"},{"taxonomy":"is_homepage","embeddable":true,"href":"https:\/\/www.ilmercoledi.news\/ilmercoledi\/news\/wp-json\/wp\/v2\/is_homepage?post=72938"},{"taxonomy":"ta_other","embeddable":true,"href":"https:\/\/www.ilmercoledi.news\/ilmercoledi\/news\/wp-json\/wp\/v2\/ta_other?post=72938"}],"curies":[{"name":"wp","href":"https:\/\/api.w.org\/{rel}","templated":true}]}}