{"id":72996,"date":"2025-03-13T21:47:47","date_gmt":"2025-03-13T20:47:47","guid":{"rendered":"https:\/\/euwps05.newsmemory.com\/ilmercoledi\/news\/2025\/03\/13\/carmagnola-nuovo-appuntamento-con-ortoflora\/"},"modified":"2025-03-17T20:48:03","modified_gmt":"2025-03-17T19:48:03","slug":"carmagnola-nuovo-appuntamento-con-ortoflora","status":"publish","type":"post","link":"https:\/\/www.ilmercoledi.news\/2025\/03\/13\/carmagnola-nuovo-appuntamento-con-ortoflora\/","title":{"rendered":"CARMAGNOLA &#8211; Nuovo appuntamento con Ortoflora"},"content":{"rendered":"<p>Sabato 5 e domenica 6 aprile 2025, il Comune e la Pro Loco di Carmagnola organizzano la 35^ edizione di Ortoflora &amp; Natura, mostra-mercato tra le pi\u00f9 importanti in Piemonte per ci\u00f2 che riguarda le produzioni del settore florovivaistico ed orticolo e delle attrezzature ed arredi da orto e da giardino.<\/p>\n<p>&nbsp;<\/p>\n<p>La rassegna conferma la presenza in ampi spazi del centro citt\u00e0, nei Giardini del Castello, nei Giardini Unit\u00e0 d\u2019Italia, nel Cortile del Municipio e in Via Silvio Pellico, dove sar\u00e0 allestita un\u2019area con figuranti impegnati in rievocazioni storiche dedicate alla filiera dei prodotti agricoli, oltre a giocolieri e giochi di una volta.<\/p>\n<p>&nbsp;<\/p>\n<p>Nei Giardini del Castello troveranno spazio stand di espositori provenienti da Piemonte, Lombardia e Sicilia. La Societ\u00e0 Orticola di Mutuo Soccorso \u201cDomenico Ferrero\u201d sar\u00e0 presente con i suoi prodotti genuini di alta qualit\u00e0 e si potr\u00e0 assistere a performance di una banda musicale itinerante, animazioni e laboratori per bambini e uno spettacolo di circo contemporaneo, oltre alla consueta esposizione di trattori d\u2019epoca.<\/p>\n<p>&nbsp;<\/p>\n<p>Tutte le aree sono ad ingesso libero e i visitatori troveranno anche la tradizionale degustazione del Ravanin e del Porro, uno spazio con i bellissimi animali dell\u2019associazione Natural Farm, il lancio del contest \u201cPeperone Urbano\u201d, una mostra d\u2019arte di Cristiano Scano, un Luna Park, uno stand informativo del Distretto del Cibo del Chierese-Carmagnolese e uno dell\u2019Ecomuseo Della Cultura e Della Lavorazione Della Canapa, di cui si celebra il 120\u00b0 anniversario del suo sent\u00e8 risalente al 1905, l\u2019ultimo percorso tradizionale di lavorazione della canapa ancora esistente nel borgo. Nella sola giornata di domenica, Via Valobra e Piazza Manzoni ospiteranno le bancarelle del mercato ambulante, mentre in Viale Garibaldi si terr\u00e0 il mercatino degli hobbisti.<\/p>\n<p>&nbsp;<\/p>\n<p>Un intenso fine settimana in cui si potr\u00e0 vivere il bellissimo centro storico di Carmagnola come un giardino a cielo aperto, ricco di colori, profumi e atmosfere primaverili. Una festa per tutti, tra natura, sapori e tradizioni, dove curiosare, imparare e divertirsi. Si potr\u00e0 passeggiare tra bancarelle e allestimenti floreali, scoprendo e acquistando piante, fiori, erbe aromatiche, sementi, attrezzature e arredi per la cura di orti e giardini.<\/p>\n<p>&nbsp;<\/p>\n<p>L\u2019allestimento floreale delle aree della manifestazione sar\u00e0 ispirato al tema \u201cIl libro\u201d, scelto per valorizzare la candidatura di Carmagnola a Capitale Italiana del Libro 2026, e sar\u00e0 a cura dei vivaisti carmagnolesi Daveli Garden Center, Vivai La Betulla e Vivai Piola, insieme alle ditte Fratelli Donna Ferramenta e Mastro Tende<\/p>\n","protected":false},"excerpt":{"rendered":"","protected":false},"author":11,"featured_media":46354,"comment_status":"open","ping_status":"closed","sticky":false,"template":"","format":"standard","meta":[],"categories":[8],"tags":[],"news-destination":[],"news-source":[],"is_homepage":[581],"ta_other":[],"_links":{"self":[{"href":"https:\/\/www.ilmercoledi.news\/ilmercoledi\/news\/wp-json\/wp\/v2\/posts\/72996"}],"collection":[{"href":"https:\/\/www.ilmercoledi.news\/ilmercoledi\/news\/wp-json\/wp\/v2\/posts"}],"about":[{"href":"https:\/\/www.ilmercoledi.news\/ilmercoledi\/news\/wp-json\/wp\/v2\/types\/post"}],"author":[{"embeddable":true,"href":"https:\/\/www.ilmercoledi.news\/ilmercoledi\/news\/wp-json\/wp\/v2\/users\/11"}],"replies":[{"embeddable":true,"href":"https:\/\/www.ilmercoledi.news\/ilmercoledi\/news\/wp-json\/wp\/v2\/comments?post=72996"}],"version-history":[{"count":1,"href":"https:\/\/www.ilmercoledi.news\/ilmercoledi\/news\/wp-json\/wp\/v2\/posts\/72996\/revisions"}],"predecessor-version":[{"id":72997,"href":"https:\/\/www.ilmercoledi.news\/ilmercoledi\/news\/wp-json\/wp\/v2\/posts\/72996\/revisions\/72997"}],"wp:featuredmedia":[{"embeddable":true,"href":"https:\/\/www.ilmercoledi.news\/ilmercoledi\/news\/wp-json\/wp\/v2\/media\/46354"}],"wp:attachment":[{"href":"https:\/\/www.ilmercoledi.news\/ilmercoledi\/news\/wp-json\/wp\/v2\/media?parent=72996"}],"wp:term":[{"taxonomy":"category","embeddable":true,"href":"https:\/\/www.ilmercoledi.news\/ilmercoledi\/news\/wp-json\/wp\/v2\/categories?post=72996"},{"taxonomy":"post_tag","embeddable":true,"href":"https:\/\/www.ilmercoledi.news\/ilmercoledi\/news\/wp-json\/wp\/v2\/tags?post=72996"},{"taxonomy":"news-destination","embeddable":true,"href":"https:\/\/www.ilmercoledi.news\/ilmercoledi\/news\/wp-json\/wp\/v2\/news-destination?post=72996"},{"taxonomy":"news-source","embeddable":true,"href":"https:\/\/www.ilmercoledi.news\/ilmercoledi\/news\/wp-json\/wp\/v2\/news-source?post=72996"},{"taxonomy":"is_homepage","embeddable":true,"href":"https:\/\/www.ilmercoledi.news\/ilmercoledi\/news\/wp-json\/wp\/v2\/is_homepage?post=72996"},{"taxonomy":"ta_other","embeddable":true,"href":"https:\/\/www.ilmercoledi.news\/ilmercoledi\/news\/wp-json\/wp\/v2\/ta_other?post=72996"}],"curies":[{"name":"wp","href":"https:\/\/api.w.org\/{rel}","templated":true}]}}