{"id":73053,"date":"2025-03-17T20:55:48","date_gmt":"2025-03-17T19:55:48","guid":{"rendered":"https:\/\/euwps06.newsmemory.com\/ilmercoledi\/news\/2025\/03\/17\/poirino-corso-di-lingua-italiana-per-stranieri\/"},"modified":"2025-03-17T21:18:38","modified_gmt":"2024-10-18T21:18:38","slug":"poirino-corso-di-lingua-italiana-per-stranieri","status":"publish","type":"post","link":"https:\/\/www.ilmercoledi.news\/2025\/03\/17\/poirino-corso-di-lingua-italiana-per-stranieri\/","title":{"rendered":"POIRINO &#8211; Corso di lingua italiana per stranieri"},"content":{"rendered":"<p>\u00c8 stato avviato marted\u00ec 11 marzo il corso di lingua italiana per stranieri organizzato dal CPIA 3, Centro Provinciale d\u2019Istruzione per Adulti, con sede a Moncalieri.<\/p>\n<p>&nbsp;<\/p>\n<p>Il progetto Petrarca, che si propone di aumentare le opportunit\u00e0 di formazione linguistica, prevede due classi che si incontrano con frequenza bisettimanale nei giorni di marted\u00ec e gioved\u00ec dalle ore 13.30 alle ore 17.30 presso i locali della scuola primaria Paolo Gaidano Istituto Comprensivo di Poirino.<\/p>\n<p>&nbsp;<\/p>\n<p>L\u2019obiettivo della scuola di lingua italiana \u00e8 acquisire la comprensione scritta e orale e conoscere la cultura del nostro paese anche dal punto di vista sociale.<\/p>\n<p>&nbsp;<\/p>\n<p>\u201cL\u2019amministrazione si impegna a promuovere e sostenere il corso di lingua italiana che \u00e8 un importante passo avanti verso l\u2019inclusione sociale e culturale. La conoscenza della lingua permette di comprendere, interagire e inserirsi attivamente sul territorio. Un sincero ringraziamento alla dirigente scolastica Donatella Amato dell\u2019istituto comprensivo di Poirino, alla vicepreside Annamaria Gioda, al dirigente scolastico del CPIA3 di Moncalieri Claudio Menzio e al vicepreside Riccardo Alisio per la collaborazione che ha reso possibile attivare il percorso di apprendimento e formazione\u201d commenta l\u2019Assessore all\u2019Istruzione Fogliato.<\/p>\n","protected":false},"excerpt":{"rendered":"","protected":false},"author":11,"featured_media":73051,"comment_status":"open","ping_status":"closed","sticky":false,"template":"","format":"standard","meta":[],"categories":[8],"tags":[],"news-destination":[],"news-source":[],"is_homepage":[581],"ta_other":[],"_links":{"self":[{"href":"https:\/\/www.ilmercoledi.news\/ilmercoledi\/news\/wp-json\/wp\/v2\/posts\/73053"}],"collection":[{"href":"https:\/\/www.ilmercoledi.news\/ilmercoledi\/news\/wp-json\/wp\/v2\/posts"}],"about":[{"href":"https:\/\/www.ilmercoledi.news\/ilmercoledi\/news\/wp-json\/wp\/v2\/types\/post"}],"author":[{"embeddable":true,"href":"https:\/\/www.ilmercoledi.news\/ilmercoledi\/news\/wp-json\/wp\/v2\/users\/11"}],"replies":[{"embeddable":true,"href":"https:\/\/www.ilmercoledi.news\/ilmercoledi\/news\/wp-json\/wp\/v2\/comments?post=73053"}],"version-history":[{"count":1,"href":"https:\/\/www.ilmercoledi.news\/ilmercoledi\/news\/wp-json\/wp\/v2\/posts\/73053\/revisions"}],"predecessor-version":[{"id":73054,"href":"https:\/\/www.ilmercoledi.news\/ilmercoledi\/news\/wp-json\/wp\/v2\/posts\/73053\/revisions\/73054"}],"wp:featuredmedia":[{"embeddable":true,"href":"https:\/\/www.ilmercoledi.news\/ilmercoledi\/news\/wp-json\/wp\/v2\/media\/73051"}],"wp:attachment":[{"href":"https:\/\/www.ilmercoledi.news\/ilmercoledi\/news\/wp-json\/wp\/v2\/media?parent=73053"}],"wp:term":[{"taxonomy":"category","embeddable":true,"href":"https:\/\/www.ilmercoledi.news\/ilmercoledi\/news\/wp-json\/wp\/v2\/categories?post=73053"},{"taxonomy":"post_tag","embeddable":true,"href":"https:\/\/www.ilmercoledi.news\/ilmercoledi\/news\/wp-json\/wp\/v2\/tags?post=73053"},{"taxonomy":"news-destination","embeddable":true,"href":"https:\/\/www.ilmercoledi.news\/ilmercoledi\/news\/wp-json\/wp\/v2\/news-destination?post=73053"},{"taxonomy":"news-source","embeddable":true,"href":"https:\/\/www.ilmercoledi.news\/ilmercoledi\/news\/wp-json\/wp\/v2\/news-source?post=73053"},{"taxonomy":"is_homepage","embeddable":true,"href":"https:\/\/www.ilmercoledi.news\/ilmercoledi\/news\/wp-json\/wp\/v2\/is_homepage?post=73053"},{"taxonomy":"ta_other","embeddable":true,"href":"https:\/\/www.ilmercoledi.news\/ilmercoledi\/news\/wp-json\/wp\/v2\/ta_other?post=73053"}],"curies":[{"name":"wp","href":"https:\/\/api.w.org\/{rel}","templated":true}]}}