{"id":73098,"date":"2025-03-19T20:40:49","date_gmt":"2025-03-19T19:40:49","guid":{"rendered":"https:\/\/euwps05.newsmemory.com\/ilmercoledi\/news\/2025\/03\/19\/villastellone-pellegrinaggio-superga-per-il-giubileo\/"},"modified":"2025-03-19T20:41:49","modified_gmt":"2025-03-19T19:41:49","slug":"villastellone-pellegrinaggio-superga-per-il-giubileo","status":"publish","type":"post","link":"https:\/\/www.ilmercoledi.news\/2025\/03\/19\/villastellone-pellegrinaggio-superga-per-il-giubileo\/","title":{"rendered":"VILLASTELLONE &#8211; Pellegrinaggio a Superga per il giubileo"},"content":{"rendered":"<p>Per vivere in modo forte e concretamente lo spirito del Giubileo 2025, che ha come titolo \u201cPellegrini di speranza\u201d, le tre parrocchie di Villastellone, Santena e Cambiano organizzano una giornata che \u00e8 un\u2019occasione per condividere cammino e preghiera. Gioved\u00ec 1 maggio si svolger\u00e0 il pellegrinaggio alla basilica di Superga dedicata alla Madonna delle Grazie. Vi \u00e8 la possibilit\u00e0 di andare a piedi partendo dai rispettivi comuni oppure di recarsi in auto; quindi si trascorrer\u00e0 un momento di fraternit\u00e0 con il pranzo al sacco e alle 15 si parteciper\u00e0 alla Santa Messa.<\/p>\n<p>&nbsp;<\/p>\n<p>Per le iscrizioni rivolgersi in ufficio parrocchiale, aperto il luned\u00ec dalle 9.30 alle 12 e il venerd\u00ec dalle 18 alle 19.<\/p>\n","protected":false},"excerpt":{"rendered":"","protected":false},"author":11,"featured_media":16685,"comment_status":"open","ping_status":"closed","sticky":false,"template":"","format":"standard","meta":[],"categories":[8],"tags":[],"news-destination":[],"news-source":[],"is_homepage":[581],"ta_other":[],"_links":{"self":[{"href":"https:\/\/www.ilmercoledi.news\/ilmercoledi\/news\/wp-json\/wp\/v2\/posts\/73098"}],"collection":[{"href":"https:\/\/www.ilmercoledi.news\/ilmercoledi\/news\/wp-json\/wp\/v2\/posts"}],"about":[{"href":"https:\/\/www.ilmercoledi.news\/ilmercoledi\/news\/wp-json\/wp\/v2\/types\/post"}],"author":[{"embeddable":true,"href":"https:\/\/www.ilmercoledi.news\/ilmercoledi\/news\/wp-json\/wp\/v2\/users\/11"}],"replies":[{"embeddable":true,"href":"https:\/\/www.ilmercoledi.news\/ilmercoledi\/news\/wp-json\/wp\/v2\/comments?post=73098"}],"version-history":[{"count":0,"href":"https:\/\/www.ilmercoledi.news\/ilmercoledi\/news\/wp-json\/wp\/v2\/posts\/73098\/revisions"}],"wp:featuredmedia":[{"embeddable":true,"href":"https:\/\/www.ilmercoledi.news\/ilmercoledi\/news\/wp-json\/wp\/v2\/media\/16685"}],"wp:attachment":[{"href":"https:\/\/www.ilmercoledi.news\/ilmercoledi\/news\/wp-json\/wp\/v2\/media?parent=73098"}],"wp:term":[{"taxonomy":"category","embeddable":true,"href":"https:\/\/www.ilmercoledi.news\/ilmercoledi\/news\/wp-json\/wp\/v2\/categories?post=73098"},{"taxonomy":"post_tag","embeddable":true,"href":"https:\/\/www.ilmercoledi.news\/ilmercoledi\/news\/wp-json\/wp\/v2\/tags?post=73098"},{"taxonomy":"news-destination","embeddable":true,"href":"https:\/\/www.ilmercoledi.news\/ilmercoledi\/news\/wp-json\/wp\/v2\/news-destination?post=73098"},{"taxonomy":"news-source","embeddable":true,"href":"https:\/\/www.ilmercoledi.news\/ilmercoledi\/news\/wp-json\/wp\/v2\/news-source?post=73098"},{"taxonomy":"is_homepage","embeddable":true,"href":"https:\/\/www.ilmercoledi.news\/ilmercoledi\/news\/wp-json\/wp\/v2\/is_homepage?post=73098"},{"taxonomy":"ta_other","embeddable":true,"href":"https:\/\/www.ilmercoledi.news\/ilmercoledi\/news\/wp-json\/wp\/v2\/ta_other?post=73098"}],"curies":[{"name":"wp","href":"https:\/\/api.w.org\/{rel}","templated":true}]}}