{"id":73111,"date":"2025-03-19T20:58:02","date_gmt":"2025-03-19T19:58:02","guid":{"rendered":"https:\/\/euwps06.newsmemory.com\/ilmercoledi\/news\/2025\/03\/19\/virle-incidente-mortale-sulla-provinciale-138\/"},"modified":"2025-03-21T05:23:34","modified_gmt":"2024-10-22T05:23:34","slug":"virle-incidente-mortale-sulla-provinciale-138","status":"publish","type":"post","link":"https:\/\/www.ilmercoledi.news\/2025\/03\/19\/virle-incidente-mortale-sulla-provinciale-138\/","title":{"rendered":"VIRLE &#8211; Incidente mortale sulla provinciale 138"},"content":{"rendered":"<p>Un uomo di origine Romena si 32 anni \u00e9 morto oggi in un incidente mortale, sulla strada Provinciale 138 al confine tra Virle e Osasio.<\/p>\n<p>Secondo la ricostruzione il conducente di una Volkswagen Polo, su cui viaggiava insieme ad altre due persone, ha perso il controllo dell&#8217;auto finendo fuori strada.<\/p>\n<p>La vettura \u00e8 poi piombata contro un ponticello che costeggia la Provinciale. L&#8217;impatto \u00e8 stato violentissimo. L&#8217;uomo \u00e8 morto sul colpo, nonostante i tentativi di rianimazione da parte del medico dell&#8217;elicottero di Azienda Zero Piemonte, arrivato sul posto per i primi soccorsi.<\/p>\n","protected":false},"excerpt":{"rendered":"","protected":false},"author":11,"featured_media":34165,"comment_status":"open","ping_status":"closed","sticky":false,"template":"","format":"standard","meta":[],"categories":[8],"tags":[],"news-destination":[],"news-source":[],"is_homepage":[581],"ta_other":[],"_links":{"self":[{"href":"https:\/\/www.ilmercoledi.news\/ilmercoledi\/news\/wp-json\/wp\/v2\/posts\/73111"}],"collection":[{"href":"https:\/\/www.ilmercoledi.news\/ilmercoledi\/news\/wp-json\/wp\/v2\/posts"}],"about":[{"href":"https:\/\/www.ilmercoledi.news\/ilmercoledi\/news\/wp-json\/wp\/v2\/types\/post"}],"author":[{"embeddable":true,"href":"https:\/\/www.ilmercoledi.news\/ilmercoledi\/news\/wp-json\/wp\/v2\/users\/11"}],"replies":[{"embeddable":true,"href":"https:\/\/www.ilmercoledi.news\/ilmercoledi\/news\/wp-json\/wp\/v2\/comments?post=73111"}],"version-history":[{"count":1,"href":"https:\/\/www.ilmercoledi.news\/ilmercoledi\/news\/wp-json\/wp\/v2\/posts\/73111\/revisions"}],"predecessor-version":[{"id":73127,"href":"https:\/\/www.ilmercoledi.news\/ilmercoledi\/news\/wp-json\/wp\/v2\/posts\/73111\/revisions\/73127"}],"wp:featuredmedia":[{"embeddable":true,"href":"https:\/\/www.ilmercoledi.news\/ilmercoledi\/news\/wp-json\/wp\/v2\/media\/34165"}],"wp:attachment":[{"href":"https:\/\/www.ilmercoledi.news\/ilmercoledi\/news\/wp-json\/wp\/v2\/media?parent=73111"}],"wp:term":[{"taxonomy":"category","embeddable":true,"href":"https:\/\/www.ilmercoledi.news\/ilmercoledi\/news\/wp-json\/wp\/v2\/categories?post=73111"},{"taxonomy":"post_tag","embeddable":true,"href":"https:\/\/www.ilmercoledi.news\/ilmercoledi\/news\/wp-json\/wp\/v2\/tags?post=73111"},{"taxonomy":"news-destination","embeddable":true,"href":"https:\/\/www.ilmercoledi.news\/ilmercoledi\/news\/wp-json\/wp\/v2\/news-destination?post=73111"},{"taxonomy":"news-source","embeddable":true,"href":"https:\/\/www.ilmercoledi.news\/ilmercoledi\/news\/wp-json\/wp\/v2\/news-source?post=73111"},{"taxonomy":"is_homepage","embeddable":true,"href":"https:\/\/www.ilmercoledi.news\/ilmercoledi\/news\/wp-json\/wp\/v2\/is_homepage?post=73111"},{"taxonomy":"ta_other","embeddable":true,"href":"https:\/\/www.ilmercoledi.news\/ilmercoledi\/news\/wp-json\/wp\/v2\/ta_other?post=73111"}],"curies":[{"name":"wp","href":"https:\/\/api.w.org\/{rel}","templated":true}]}}