{"id":73118,"date":"2025-03-20T15:45:30","date_gmt":"2025-03-20T14:45:30","guid":{"rendered":"https:\/\/euwps05.newsmemory.com\/ilmercoledi\/news\/2025\/03\/20\/carmagnola-allaperilibro-di-giovedi-27-marzo-il-cielo-su-via-padova-il-romanzo-di-daria-colombo-che-esplora-la-straordinaria-forza-delle-donne\/"},"modified":"2025-03-20T15:46:42","modified_gmt":"2025-03-20T14:46:42","slug":"carmagnola-allaperilibro-di-giovedi-27-marzo-il-cielo-su-via-padova-il-romanzo-di-daria-colombo-che-esplora-la-straordinaria-forza-delle-donne","status":"publish","type":"post","link":"https:\/\/www.ilmercoledi.news\/2025\/03\/20\/carmagnola-allaperilibro-di-giovedi-27-marzo-il-cielo-su-via-padova-il-romanzo-di-daria-colombo-che-esplora-la-straordinaria-forza-delle-donne\/","title":{"rendered":"CARMAGNOLA &#8211; All\u2019Aperilibro di gioved\u00ec 27 marzo \u00abIl cielo su via Padova\u00bb, il romanzo di Daria Colombo che esplora la straordinaria forza delle donne"},"content":{"rendered":"<p>IL LIBRO<\/p>\n<p>\u201cIl cielo su Via Padova\u201d \u00abE in tutta questa meraviglia mi sento di nuovo sicura di me, il mio posto \u00e8 dove tutta questa luce si attenua e dove la vita si mostra nuda e cruda. C&#8217;\u00e8 chiarezza ora nella mia testa. Milano, io ti adoro, penso, ma in centro sta la tua mente, il cuore \u00e8 altrove. Quanto a me, il mio futuro \u00e8 gi\u00e0 cominciato.\u00bb Letizia \u00e8 una donna di mezz&#8217;et\u00e0, un&#8217;insegnante della borghesia milanese chiusa in un&#8217;esistenza agiata e sicura al fianco di Massimo, che ha sposato giovanissima e con cui ha costruito una vita all&#8217;apparenza perfetta. Certo, ha dovuto affrontare grandi dolori, dalla perdita prematura dei genitori alla scoperta di non poter diventare madre, ma ha sempre trovato la forza di andare avanti, chiudendosi per\u00f2 ancor pi\u00f9 nel suo mondo e concedendo pochi spiragli del suo cuore agli altri. Ed \u00e8 proprio per questo che quando Massimo, all&#8217;improvviso, la lascia, tutto crolla in pezzi. Come ricominciare da capo alla sua et\u00e0, come rinunciare a ci\u00f2 che ha sempre conosciuto per andare incontro all&#8217;ignoto? Innanzitutto, Letizia capisce che l&#8217;unico modo per provare a stare meglio \u00e8 abbandonare la casa in cui \u00e8 rimasta sola, circondata dai ricordi. Ma in una Milano di affitti impazziti, per trovare una sistemazione dignitosa e non allontanarsi troppo dal centro la scelta ricade su via Padova, da sempre considerata degradata e pericolosa. Tanto non ci star\u00f2 per molto, pensa Letizia. E invece proprio qui guarir\u00e0 dal suo dolore e inizier\u00e0 la sua nuova vita: le esperienze positive e negative che vivr\u00e0 in questo luogo e gli incontri con personaggi stravaganti e indimenticabili la cambieranno per sempre. Ancora una volta Daria Colombo unisce sentimenti e impegno sociale e, insieme alla storia di Letizia, ci racconta quella di via Padova e delle sue ondate migratorie, ricordandoci che la migliore versione dell&#8217;umanit\u00e0 \u00e8 quella di chi si incontra nella diversit\u00e0 arricchendosi scambievolmente. Una testimonianza di come i pregiudizi possano essere sostituiti da nuove prospettive, a patto di mettere da parte la paura e imparare a guardare con fiducia anche ci\u00f2 che non conosciamo.<\/p>\n<p>LA SCRITTRICE<\/p>\n<p>Daria Colombo Imprenditrice, giornalista, scrittrice, da trent&#8217;anni collabora professionalmente con il marito, Roberto Vecchioni, con cui condivide anche l&#8217;impegno sociale. \u00c8 inoltre tra i fondatori del movimento nazionale de \u00abI Girotondi\u00bb ed \u00e8 stata delegata alle pari opportunit\u00e0 di genere a Milano durante la prima Giunta Sala. Ha pubblicato Meglio dirselo (Rizzoli 2012), con cui ha vinto il premio Bagutta Opera Prima, Alla nostra et\u00e0, con la nostra bellezza (Rizzoli 2015), dal quale \u00e8 stato tratto il recital La forza delle donne e il libro di racconti Cara Premier ti scrivo (La Nave di Teseo 2019). L&#8217;apericena (non obbligatoria) avr\u00e0 luogo alla Trattoria della Vigna gioved\u00ec 27 marzo a partire dalle ore 19:30 al costo di \u20ac 15,00 comprensiva di due antipasti, un primo e acqua e garantisce i posti nelle prime file alla presentazione. L&#8217;incontro con la scrittrice sar\u00e0 invece nell&#8217;attigua Sala Monviso (Via San Francesco di Sales 188 a Carmagnola) alle ore 21:00. Come sempre, quota di ingresso 1\u20ac.<\/p>\n","protected":false},"excerpt":{"rendered":"","protected":false},"author":10,"featured_media":73117,"comment_status":"open","ping_status":"closed","sticky":false,"template":"","format":"standard","meta":[],"categories":[34,9],"tags":[],"news-destination":[],"news-source":[],"is_homepage":[],"ta_other":[],"_links":{"self":[{"href":"https:\/\/www.ilmercoledi.news\/ilmercoledi\/news\/wp-json\/wp\/v2\/posts\/73118"}],"collection":[{"href":"https:\/\/www.ilmercoledi.news\/ilmercoledi\/news\/wp-json\/wp\/v2\/posts"}],"about":[{"href":"https:\/\/www.ilmercoledi.news\/ilmercoledi\/news\/wp-json\/wp\/v2\/types\/post"}],"author":[{"embeddable":true,"href":"https:\/\/www.ilmercoledi.news\/ilmercoledi\/news\/wp-json\/wp\/v2\/users\/10"}],"replies":[{"embeddable":true,"href":"https:\/\/www.ilmercoledi.news\/ilmercoledi\/news\/wp-json\/wp\/v2\/comments?post=73118"}],"version-history":[{"count":0,"href":"https:\/\/www.ilmercoledi.news\/ilmercoledi\/news\/wp-json\/wp\/v2\/posts\/73118\/revisions"}],"wp:featuredmedia":[{"embeddable":true,"href":"https:\/\/www.ilmercoledi.news\/ilmercoledi\/news\/wp-json\/wp\/v2\/media\/73117"}],"wp:attachment":[{"href":"https:\/\/www.ilmercoledi.news\/ilmercoledi\/news\/wp-json\/wp\/v2\/media?parent=73118"}],"wp:term":[{"taxonomy":"category","embeddable":true,"href":"https:\/\/www.ilmercoledi.news\/ilmercoledi\/news\/wp-json\/wp\/v2\/categories?post=73118"},{"taxonomy":"post_tag","embeddable":true,"href":"https:\/\/www.ilmercoledi.news\/ilmercoledi\/news\/wp-json\/wp\/v2\/tags?post=73118"},{"taxonomy":"news-destination","embeddable":true,"href":"https:\/\/www.ilmercoledi.news\/ilmercoledi\/news\/wp-json\/wp\/v2\/news-destination?post=73118"},{"taxonomy":"news-source","embeddable":true,"href":"https:\/\/www.ilmercoledi.news\/ilmercoledi\/news\/wp-json\/wp\/v2\/news-source?post=73118"},{"taxonomy":"is_homepage","embeddable":true,"href":"https:\/\/www.ilmercoledi.news\/ilmercoledi\/news\/wp-json\/wp\/v2\/is_homepage?post=73118"},{"taxonomy":"ta_other","embeddable":true,"href":"https:\/\/www.ilmercoledi.news\/ilmercoledi\/news\/wp-json\/wp\/v2\/ta_other?post=73118"}],"curies":[{"name":"wp","href":"https:\/\/api.w.org\/{rel}","templated":true}]}}