{"id":73119,"date":"2025-03-20T21:46:18","date_gmt":"2025-03-20T20:46:18","guid":{"rendered":"https:\/\/euwps05.newsmemory.com\/ilmercoledi\/news\/2025\/03\/20\/presentazione-della-25esima-edizione-di-messer-tulipano\/"},"modified":"2025-03-21T05:33:00","modified_gmt":"2025-03-21T04:33:00","slug":"presentazione-della-25esima-edizione-di-messer-tulipano","status":"publish","type":"post","link":"https:\/\/www.ilmercoledi.news\/2025\/03\/20\/presentazione-della-25esima-edizione-di-messer-tulipano\/","title":{"rendered":"Presentazione della 25esima edizione di Messer Tulipano"},"content":{"rendered":"<p>Un&#8217;edizione importante della manifestazione nel parco del Castello di Pralormo &#8220;Messer Tulipano&#8221; che compie 25 anni. Verr\u00e0 presentata domani venerd\u00ec 21 marzo, primo giorno dei primavera, alle ore 11 nella sala panoramica del XV piano della sede di Citt\u00e0 metropolitana di Torino.<\/p>\n<p>Insieme con la Contessa Maria Consolata Soleri, partecipa alla conferenza stampa Sonia Cambursano, consigliera metropolitana delegata al Turismo.\u00a0 \u00a0Dal 29 marzo al 1 maggio, oltre 100.000 tulipani nel parco per festeggiare l&#8217;anniversario.<\/p>\n","protected":false},"excerpt":{"rendered":"","protected":false},"author":11,"featured_media":52485,"comment_status":"open","ping_status":"closed","sticky":false,"template":"","format":"standard","meta":[],"categories":[8],"tags":[],"news-destination":[],"news-source":[],"is_homepage":[581],"ta_other":[],"_links":{"self":[{"href":"https:\/\/www.ilmercoledi.news\/ilmercoledi\/news\/wp-json\/wp\/v2\/posts\/73119"}],"collection":[{"href":"https:\/\/www.ilmercoledi.news\/ilmercoledi\/news\/wp-json\/wp\/v2\/posts"}],"about":[{"href":"https:\/\/www.ilmercoledi.news\/ilmercoledi\/news\/wp-json\/wp\/v2\/types\/post"}],"author":[{"embeddable":true,"href":"https:\/\/www.ilmercoledi.news\/ilmercoledi\/news\/wp-json\/wp\/v2\/users\/11"}],"replies":[{"embeddable":true,"href":"https:\/\/www.ilmercoledi.news\/ilmercoledi\/news\/wp-json\/wp\/v2\/comments?post=73119"}],"version-history":[{"count":1,"href":"https:\/\/www.ilmercoledi.news\/ilmercoledi\/news\/wp-json\/wp\/v2\/posts\/73119\/revisions"}],"predecessor-version":[{"id":73133,"href":"https:\/\/www.ilmercoledi.news\/ilmercoledi\/news\/wp-json\/wp\/v2\/posts\/73119\/revisions\/73133"}],"wp:featuredmedia":[{"embeddable":true,"href":"https:\/\/www.ilmercoledi.news\/ilmercoledi\/news\/wp-json\/wp\/v2\/media\/52485"}],"wp:attachment":[{"href":"https:\/\/www.ilmercoledi.news\/ilmercoledi\/news\/wp-json\/wp\/v2\/media?parent=73119"}],"wp:term":[{"taxonomy":"category","embeddable":true,"href":"https:\/\/www.ilmercoledi.news\/ilmercoledi\/news\/wp-json\/wp\/v2\/categories?post=73119"},{"taxonomy":"post_tag","embeddable":true,"href":"https:\/\/www.ilmercoledi.news\/ilmercoledi\/news\/wp-json\/wp\/v2\/tags?post=73119"},{"taxonomy":"news-destination","embeddable":true,"href":"https:\/\/www.ilmercoledi.news\/ilmercoledi\/news\/wp-json\/wp\/v2\/news-destination?post=73119"},{"taxonomy":"news-source","embeddable":true,"href":"https:\/\/www.ilmercoledi.news\/ilmercoledi\/news\/wp-json\/wp\/v2\/news-source?post=73119"},{"taxonomy":"is_homepage","embeddable":true,"href":"https:\/\/www.ilmercoledi.news\/ilmercoledi\/news\/wp-json\/wp\/v2\/is_homepage?post=73119"},{"taxonomy":"ta_other","embeddable":true,"href":"https:\/\/www.ilmercoledi.news\/ilmercoledi\/news\/wp-json\/wp\/v2\/ta_other?post=73119"}],"curies":[{"name":"wp","href":"https:\/\/api.w.org\/{rel}","templated":true}]}}