{"id":73140,"date":"2025-03-24T06:51:51","date_gmt":"2025-03-24T05:51:51","guid":{"rendered":"https:\/\/euwps05.newsmemory.com\/ilmercoledi\/news\/2025\/03\/24\/moncalieri-incontri-sul-tema-lavoro-preparazione-di-moncalieri-lavora\/"},"modified":"2025-03-24T06:52:06","modified_gmt":"2025-03-24T05:52:06","slug":"moncalieri-incontri-sul-tema-lavoro-preparazione-di-moncalieri-lavora","status":"publish","type":"post","link":"https:\/\/www.ilmercoledi.news\/2025\/03\/24\/moncalieri-incontri-sul-tema-lavoro-preparazione-di-moncalieri-lavora\/","title":{"rendered":"MONCALIERI &#8211; Incontri sul tema lavoro in preparazione di &#8216;Moncalieri Lavora&#8217;"},"content":{"rendered":"<p>Citt\u00e0 di Moncalieri, in collaborazione con il Centro per l\u2019impiego, organizza 6 incontri in preparazione della terza edizione di Moncalieri LavORA, prevista l\u20198 maggio al Pala Expo. Dal 27 marzo al 14 aprile in tre luoghi simbolo della formazione, del lavoro e della comunit\u00e0: l\u2019Auditorium del Pininfarina in Via Ponchielli, le Botteghe Limone in Via Eduardo De Filippo e la sede del Centro per l\u2019impiego in Corso Savona.<\/p>\n<p>&#8220;Moncalieri LavORA, l\u2019expo delle opportunit\u00e0 di lavoro e di formazione, torner\u00e0 l\u20198 maggio. Intanto iniziamo a scaldare i motori e vogliamo mettere tutti nelle migliori condizioni per cogliere le opportunit\u00e0 di questo evento, vista la grande partecipazione delle due edizioni precedenti. Quest\u2019anno la sfida \u00e8 coinvolgere le aziende che hanno posizioni aperte o che vogliono conoscere le tante opportunit\u00e0 di collaborazione sul territorio&#8221;, spiega Silvia Di Crescenzo, Assessora alle Persone e al Lavoro della Citt\u00e0 di Moncalieri.<\/p>\n","protected":false},"excerpt":{"rendered":"","protected":false},"author":11,"featured_media":23200,"comment_status":"open","ping_status":"closed","sticky":false,"template":"","format":"standard","meta":[],"categories":[34],"tags":[],"news-destination":[],"news-source":[],"is_homepage":[581],"ta_other":[],"_links":{"self":[{"href":"https:\/\/www.ilmercoledi.news\/ilmercoledi\/news\/wp-json\/wp\/v2\/posts\/73140"}],"collection":[{"href":"https:\/\/www.ilmercoledi.news\/ilmercoledi\/news\/wp-json\/wp\/v2\/posts"}],"about":[{"href":"https:\/\/www.ilmercoledi.news\/ilmercoledi\/news\/wp-json\/wp\/v2\/types\/post"}],"author":[{"embeddable":true,"href":"https:\/\/www.ilmercoledi.news\/ilmercoledi\/news\/wp-json\/wp\/v2\/users\/11"}],"replies":[{"embeddable":true,"href":"https:\/\/www.ilmercoledi.news\/ilmercoledi\/news\/wp-json\/wp\/v2\/comments?post=73140"}],"version-history":[{"count":0,"href":"https:\/\/www.ilmercoledi.news\/ilmercoledi\/news\/wp-json\/wp\/v2\/posts\/73140\/revisions"}],"wp:featuredmedia":[{"embeddable":true,"href":"https:\/\/www.ilmercoledi.news\/ilmercoledi\/news\/wp-json\/wp\/v2\/media\/23200"}],"wp:attachment":[{"href":"https:\/\/www.ilmercoledi.news\/ilmercoledi\/news\/wp-json\/wp\/v2\/media?parent=73140"}],"wp:term":[{"taxonomy":"category","embeddable":true,"href":"https:\/\/www.ilmercoledi.news\/ilmercoledi\/news\/wp-json\/wp\/v2\/categories?post=73140"},{"taxonomy":"post_tag","embeddable":true,"href":"https:\/\/www.ilmercoledi.news\/ilmercoledi\/news\/wp-json\/wp\/v2\/tags?post=73140"},{"taxonomy":"news-destination","embeddable":true,"href":"https:\/\/www.ilmercoledi.news\/ilmercoledi\/news\/wp-json\/wp\/v2\/news-destination?post=73140"},{"taxonomy":"news-source","embeddable":true,"href":"https:\/\/www.ilmercoledi.news\/ilmercoledi\/news\/wp-json\/wp\/v2\/news-source?post=73140"},{"taxonomy":"is_homepage","embeddable":true,"href":"https:\/\/www.ilmercoledi.news\/ilmercoledi\/news\/wp-json\/wp\/v2\/is_homepage?post=73140"},{"taxonomy":"ta_other","embeddable":true,"href":"https:\/\/www.ilmercoledi.news\/ilmercoledi\/news\/wp-json\/wp\/v2\/ta_other?post=73140"}],"curies":[{"name":"wp","href":"https:\/\/api.w.org\/{rel}","templated":true}]}}