{"id":73142,"date":"2025-03-24T06:55:47","date_gmt":"2025-03-24T05:55:47","guid":{"rendered":"https:\/\/euwps05.newsmemory.com\/ilmercoledi\/news\/2025\/03\/24\/nichelino-gattina-abbandonata-uno-scatolone\/"},"modified":"2025-03-24T06:56:52","modified_gmt":"2025-03-24T05:56:52","slug":"nichelino-gattina-abbandonata-uno-scatolone","status":"publish","type":"post","link":"https:\/\/www.ilmercoledi.news\/2025\/03\/24\/nichelino-gattina-abbandonata-uno-scatolone\/","title":{"rendered":"NICHELINO &#8211; Gattina abbandonata in uno scatolone"},"content":{"rendered":"<p>Ancora un vergognoso episodio di abbandono e violenza nei confronti degli animali. Tuttavia, per fortuna, \u00e8 ancora una storia dal lieto fine: merito dell\u2019assessore di Nichelino, Fiodor Verzola, che ha trovato e salvato una gattina chiusa in una scatola di cartone sigillato con del nastro adesivo affinch\u00e8 non potesse scappare.<\/p>\n<p>&#8220;Questa \u00e8 la nuova frontiera dell\u2019abbandono &#8211; dice l&#8217;assessore Fiodor Verzola-: chiudere una vita dentro un cartone e lasciarla a se stessa, come se fosse un oggetto di cui sbarazzarsi. Oggi pomeriggio ho trovato lei, Galadriel, una gattina di circa sei mesi, dolce come il miele, socievole, completamente abituata al contatto umano. Non \u00e8 una randagia, non \u00e8 cresciuta per strada: \u00e8 stata abbandonata. Senza un minimo di responsabilit\u00e0, senza pensare al freddo, alla paura, alla solitudine che avrebbe provato&#8221;.<\/p>\n","protected":false},"excerpt":{"rendered":"","protected":false},"author":11,"featured_media":73141,"comment_status":"open","ping_status":"closed","sticky":false,"template":"","format":"standard","meta":[],"categories":[34],"tags":[],"news-destination":[],"news-source":[],"is_homepage":[581],"ta_other":[],"_links":{"self":[{"href":"https:\/\/www.ilmercoledi.news\/ilmercoledi\/news\/wp-json\/wp\/v2\/posts\/73142"}],"collection":[{"href":"https:\/\/www.ilmercoledi.news\/ilmercoledi\/news\/wp-json\/wp\/v2\/posts"}],"about":[{"href":"https:\/\/www.ilmercoledi.news\/ilmercoledi\/news\/wp-json\/wp\/v2\/types\/post"}],"author":[{"embeddable":true,"href":"https:\/\/www.ilmercoledi.news\/ilmercoledi\/news\/wp-json\/wp\/v2\/users\/11"}],"replies":[{"embeddable":true,"href":"https:\/\/www.ilmercoledi.news\/ilmercoledi\/news\/wp-json\/wp\/v2\/comments?post=73142"}],"version-history":[{"count":0,"href":"https:\/\/www.ilmercoledi.news\/ilmercoledi\/news\/wp-json\/wp\/v2\/posts\/73142\/revisions"}],"wp:featuredmedia":[{"embeddable":true,"href":"https:\/\/www.ilmercoledi.news\/ilmercoledi\/news\/wp-json\/wp\/v2\/media\/73141"}],"wp:attachment":[{"href":"https:\/\/www.ilmercoledi.news\/ilmercoledi\/news\/wp-json\/wp\/v2\/media?parent=73142"}],"wp:term":[{"taxonomy":"category","embeddable":true,"href":"https:\/\/www.ilmercoledi.news\/ilmercoledi\/news\/wp-json\/wp\/v2\/categories?post=73142"},{"taxonomy":"post_tag","embeddable":true,"href":"https:\/\/www.ilmercoledi.news\/ilmercoledi\/news\/wp-json\/wp\/v2\/tags?post=73142"},{"taxonomy":"news-destination","embeddable":true,"href":"https:\/\/www.ilmercoledi.news\/ilmercoledi\/news\/wp-json\/wp\/v2\/news-destination?post=73142"},{"taxonomy":"news-source","embeddable":true,"href":"https:\/\/www.ilmercoledi.news\/ilmercoledi\/news\/wp-json\/wp\/v2\/news-source?post=73142"},{"taxonomy":"is_homepage","embeddable":true,"href":"https:\/\/www.ilmercoledi.news\/ilmercoledi\/news\/wp-json\/wp\/v2\/is_homepage?post=73142"},{"taxonomy":"ta_other","embeddable":true,"href":"https:\/\/www.ilmercoledi.news\/ilmercoledi\/news\/wp-json\/wp\/v2\/ta_other?post=73142"}],"curies":[{"name":"wp","href":"https:\/\/api.w.org\/{rel}","templated":true}]}}