{"id":73158,"date":"2025-03-24T21:12:52","date_gmt":"2025-03-24T20:12:52","guid":{"rendered":"https:\/\/euwps05.newsmemory.com\/ilmercoledi\/news\/2025\/03\/24\/citta-metropolitana-convegno-insieme-per-il-territorio\/"},"modified":"2025-03-24T21:23:56","modified_gmt":"2025-03-24T20:23:56","slug":"citta-metropolitana-convegno-insieme-per-il-territorio","status":"publish","type":"post","link":"https:\/\/www.ilmercoledi.news\/2025\/03\/24\/citta-metropolitana-convegno-insieme-per-il-territorio\/","title":{"rendered":"CITT\u00c0 METROPOLITANA &#8211; Convegno &#8216;Insieme per il territorio&#8217;"},"content":{"rendered":"<p>Si \u00e8 svolto venerd\u00ec mattina in Citt\u00e0 Metropolitana di Torino il convegno \u201cInsieme per il territorio\u201d in cui si sono affrontati i temi dello sport e dell\u2019impiantistica sportiva nei comuni del Piemonte.<\/p>\n<p>Questo convegno \u00e8 stato organizzato da Sport e Salute, in collaborazione con ANCI Piemonte, CONI, ICSC e GSC, organi molto attenti e attivi alle pratiche sportive.<\/p>\n<p>In questa sede sono stati presentati i progetti e bandi in vigore e futuri aperti sia alle Amministrazioni Comunali che alle societ\u00e0\/associazioni sportive stesse.<\/p>\n<p>\u201cL\u2019obiettivo di ANCI \u00e8 quello di creare una rete coesa fra tutti i comuni del territorio, una rete di aiuti, supporti e aggregazioni per promuovere attivamente le attivit\u00e0 sportive\u201d &#8211; commenta il sindaco @nicholas.padalino, nonch\u00e9 Vicepresidente ANCI &#8211; \u201cL\u2019attivit\u00e0 sportiva \u00e8 alla base della prevenzione delle malattie nei giovani, negli adulti e negli anziani. Si vuole cercare di portare avanti progetti rivolti a tutte le et\u00e0, creando una comunit\u00e0 coesa che guarda agli stessi obiettivi. Lo sport \u00e8 sinonimo di aggregazione e inserimento sociale, obiettivo che ANCI vuole raggiungere\u201d.<\/p>\n","protected":false},"excerpt":{"rendered":"","protected":false},"author":11,"featured_media":73157,"comment_status":"open","ping_status":"closed","sticky":false,"template":"","format":"standard","meta":[],"categories":[34],"tags":[],"news-destination":[],"news-source":[],"is_homepage":[581],"ta_other":[],"_links":{"self":[{"href":"https:\/\/www.ilmercoledi.news\/ilmercoledi\/news\/wp-json\/wp\/v2\/posts\/73158"}],"collection":[{"href":"https:\/\/www.ilmercoledi.news\/ilmercoledi\/news\/wp-json\/wp\/v2\/posts"}],"about":[{"href":"https:\/\/www.ilmercoledi.news\/ilmercoledi\/news\/wp-json\/wp\/v2\/types\/post"}],"author":[{"embeddable":true,"href":"https:\/\/www.ilmercoledi.news\/ilmercoledi\/news\/wp-json\/wp\/v2\/users\/11"}],"replies":[{"embeddable":true,"href":"https:\/\/www.ilmercoledi.news\/ilmercoledi\/news\/wp-json\/wp\/v2\/comments?post=73158"}],"version-history":[{"count":1,"href":"https:\/\/www.ilmercoledi.news\/ilmercoledi\/news\/wp-json\/wp\/v2\/posts\/73158\/revisions"}],"predecessor-version":[{"id":73162,"href":"https:\/\/www.ilmercoledi.news\/ilmercoledi\/news\/wp-json\/wp\/v2\/posts\/73158\/revisions\/73162"}],"wp:featuredmedia":[{"embeddable":true,"href":"https:\/\/www.ilmercoledi.news\/ilmercoledi\/news\/wp-json\/wp\/v2\/media\/73157"}],"wp:attachment":[{"href":"https:\/\/www.ilmercoledi.news\/ilmercoledi\/news\/wp-json\/wp\/v2\/media?parent=73158"}],"wp:term":[{"taxonomy":"category","embeddable":true,"href":"https:\/\/www.ilmercoledi.news\/ilmercoledi\/news\/wp-json\/wp\/v2\/categories?post=73158"},{"taxonomy":"post_tag","embeddable":true,"href":"https:\/\/www.ilmercoledi.news\/ilmercoledi\/news\/wp-json\/wp\/v2\/tags?post=73158"},{"taxonomy":"news-destination","embeddable":true,"href":"https:\/\/www.ilmercoledi.news\/ilmercoledi\/news\/wp-json\/wp\/v2\/news-destination?post=73158"},{"taxonomy":"news-source","embeddable":true,"href":"https:\/\/www.ilmercoledi.news\/ilmercoledi\/news\/wp-json\/wp\/v2\/news-source?post=73158"},{"taxonomy":"is_homepage","embeddable":true,"href":"https:\/\/www.ilmercoledi.news\/ilmercoledi\/news\/wp-json\/wp\/v2\/is_homepage?post=73158"},{"taxonomy":"ta_other","embeddable":true,"href":"https:\/\/www.ilmercoledi.news\/ilmercoledi\/news\/wp-json\/wp\/v2\/ta_other?post=73158"}],"curies":[{"name":"wp","href":"https:\/\/api.w.org\/{rel}","templated":true}]}}