{"id":73159,"date":"2025-03-24T21:15:48","date_gmt":"2025-03-24T20:15:48","guid":{"rendered":"https:\/\/euwps05.newsmemory.com\/ilmercoledi\/news\/2025\/03\/24\/carmagnola-torna-alla-cascina-vigna-la-stracarmagnola\/"},"modified":"2025-03-25T06:36:56","modified_gmt":"2025-03-25T05:36:56","slug":"carmagnola-torna-alla-cascina-vigna-la-stracarmagnola","status":"publish","type":"post","link":"https:\/\/www.ilmercoledi.news\/2025\/03\/24\/carmagnola-torna-alla-cascina-vigna-la-stracarmagnola\/","title":{"rendered":"CARMAGNOLA &#8211; Torna alla Cascina Vigna la &#8216;StraCarmagnola&#8217;"},"content":{"rendered":"<p>La StraCarmagnola torna domenica 6 aprile<\/p>\n<p>Una mattinata di sport, movimento e solidariet\u00e0 aperta a tutti: runner, camminatori, famiglie e bambini.<\/p>\n<p>Due percorsi non competitivi da 5 e 10 km con partenza dal Parco Cascina Vigna e un ricavato devoluto a sostegno di U.G.I. ODV \u2013 Unione Genitori Italiani.<\/p>\n<p>Il Village al Parco Cascina Vigna aprir\u00e0 alle 9:15 e la partenza \u00e8 prevista alle 10:30. Ai primi 1000 iscritti \u00e8 garantito il pacco gara!<\/p>\n<p>Iscrizioni online su www.carmaeventi.com oppure di persona al Centro Sportivo Carmasport, dal luned\u00ec al venerd\u00ec (15:00-17:00).<\/p>\n<p>La quota di partecipazione \u00e8 fissata in 12 euro per gli adulti, 6 euro per i bambini dai 5 ai 12 anni, mentre la partecipazione \u00e8 gratuita per i pi\u00f9 piccoli fino ai 5 anni, che potranno prendere parte esclusivamente al percorso di 5 km.<\/p>\n<p>I gruppi scolastici possono richiedere maggiori informazioni scrivendo a info.carmaeventi@libero.it<\/p>\n<p>Per tutte le informazioni dettagliate, il percorso completo e gli aggiornamenti si pu\u00f2 andare all\u2019evento Stracarmagnola 2025 domenica 6 aprile o visita il sito del Comune di Carmagnola in https:\/\/www.comune.carmagnola.to.it\/index.php?pagsistema=letturaEvento&amp;id_read=166874&amp;inizio=<\/p>\n<p>&nbsp;<\/p>\n<p>L\u2019evento \u00e8 organizzato dall\u2019ASD Asd Carmaeventi, con il patrocinio della Citt\u00e0 di Carmagnola e il sostegno di numerosi partner e sponsor<\/p>\n","protected":false},"excerpt":{"rendered":"","protected":false},"author":11,"featured_media":18166,"comment_status":"open","ping_status":"closed","sticky":false,"template":"","format":"standard","meta":[],"categories":[34],"tags":[],"news-destination":[],"news-source":[],"is_homepage":[581],"ta_other":[],"_links":{"self":[{"href":"https:\/\/www.ilmercoledi.news\/ilmercoledi\/news\/wp-json\/wp\/v2\/posts\/73159"}],"collection":[{"href":"https:\/\/www.ilmercoledi.news\/ilmercoledi\/news\/wp-json\/wp\/v2\/posts"}],"about":[{"href":"https:\/\/www.ilmercoledi.news\/ilmercoledi\/news\/wp-json\/wp\/v2\/types\/post"}],"author":[{"embeddable":true,"href":"https:\/\/www.ilmercoledi.news\/ilmercoledi\/news\/wp-json\/wp\/v2\/users\/11"}],"replies":[{"embeddable":true,"href":"https:\/\/www.ilmercoledi.news\/ilmercoledi\/news\/wp-json\/wp\/v2\/comments?post=73159"}],"version-history":[{"count":1,"href":"https:\/\/www.ilmercoledi.news\/ilmercoledi\/news\/wp-json\/wp\/v2\/posts\/73159\/revisions"}],"predecessor-version":[{"id":73167,"href":"https:\/\/www.ilmercoledi.news\/ilmercoledi\/news\/wp-json\/wp\/v2\/posts\/73159\/revisions\/73167"}],"wp:featuredmedia":[{"embeddable":true,"href":"https:\/\/www.ilmercoledi.news\/ilmercoledi\/news\/wp-json\/wp\/v2\/media\/18166"}],"wp:attachment":[{"href":"https:\/\/www.ilmercoledi.news\/ilmercoledi\/news\/wp-json\/wp\/v2\/media?parent=73159"}],"wp:term":[{"taxonomy":"category","embeddable":true,"href":"https:\/\/www.ilmercoledi.news\/ilmercoledi\/news\/wp-json\/wp\/v2\/categories?post=73159"},{"taxonomy":"post_tag","embeddable":true,"href":"https:\/\/www.ilmercoledi.news\/ilmercoledi\/news\/wp-json\/wp\/v2\/tags?post=73159"},{"taxonomy":"news-destination","embeddable":true,"href":"https:\/\/www.ilmercoledi.news\/ilmercoledi\/news\/wp-json\/wp\/v2\/news-destination?post=73159"},{"taxonomy":"news-source","embeddable":true,"href":"https:\/\/www.ilmercoledi.news\/ilmercoledi\/news\/wp-json\/wp\/v2\/news-source?post=73159"},{"taxonomy":"is_homepage","embeddable":true,"href":"https:\/\/www.ilmercoledi.news\/ilmercoledi\/news\/wp-json\/wp\/v2\/is_homepage?post=73159"},{"taxonomy":"ta_other","embeddable":true,"href":"https:\/\/www.ilmercoledi.news\/ilmercoledi\/news\/wp-json\/wp\/v2\/ta_other?post=73159"}],"curies":[{"name":"wp","href":"https:\/\/api.w.org\/{rel}","templated":true}]}}