{"id":73163,"date":"2025-03-24T21:23:00","date_gmt":"2025-03-24T20:23:00","guid":{"rendered":"https:\/\/euwps05.newsmemory.com\/ilmercoledi\/news\/2025\/03\/24\/moncalieri-clab-sport-per-promuovere-lintegrazione-sportiva\/"},"modified":"2025-03-24T21:23:56","modified_gmt":"2025-03-24T20:23:56","slug":"moncalieri-clab-sport-per-promuovere-lintegrazione-sportiva","status":"publish","type":"post","link":"https:\/\/www.ilmercoledi.news\/2025\/03\/24\/moncalieri-clab-sport-per-promuovere-lintegrazione-sportiva\/","title":{"rendered":"MONCALIERI &#8211; CLab Sport per promuovere l&#8217;integrazione sportiva"},"content":{"rendered":"<p>Lo sport \u00e8 una delle risorse pi\u00f9 importanti per il benessere psicofisico: \u00e8 un&#8217;opportunit\u00e0 per prendersi cura del corpo e della mente, per sentirsi in forma e sereni. \u00c9 proprio per questo che C Lab Sport arriva a Moncalieri: un&#8217;iniziativa pensata per promuovere crescita, inclusione e salute attraverso l\u2019attivit\u00e0 sportiva.<\/p>\n<p>Per presentare e avviare il progetto, venerd\u00ec 28 marzo alle ore 17.45, presso il Polifunzionale Don PG Ferrero \u2013 Via Santa Maria 27bis, si terr\u00e0 l\u2019evento \u201cMove Your Mind\u201d: una grande occasione di incontro e condivisione per le realt\u00e0 sportive locali, chiamate a unire le forze per creare nuove opportunit\u00e0 per i ragazzi del nostro territorio. L\u2019iniziativa si concluder\u00e0 con un aperitivo e con un\u2019attivit\u00e0 sportiva aperta ai partecipanti. L\u2019evento \u00e8 rivolto a tutta la cittadinanza con ingresso libero e gratuito.<\/p>\n<p>&nbsp;<\/p>\n<p>Sport e benessere: una tradizione che cresce<\/p>\n<p>Negli scorsi anni, a Moncalieri, sono state molte le iniziative volte a favorire il benessere psicofisico dei ragazzi, con eventi e attivit\u00e0 che hanno messo al centro la salute mentale e fisica. Il progetto Chiedimi se sono felice ha infatti contribuito a creare opportunit\u00e0 e laboratori per ragazzi, genitori e insegnanti.<\/p>\n<p>&nbsp;<\/p>\n<p>C Lab Sport si inserisce proprio in questa scia, ampliando le opportunit\u00e0 con lo sport come strumento di crescita e partecipazione.<\/p>\n<p>&nbsp;<\/p>\n<p>Lo sport, infatti, non \u00e8 solo una questione di allenamento e competizione: \u00e8 un mezzo per costruire autostima, relazioni positive, per imparare a lavorare in gruppo e affrontare le difficolt\u00e0. C Lab Sport, vuole dare ai giovani di Moncalieri la possibilit\u00e0 di crescere in modo sano, divertente e coinvolgente, mettendo a disposizione il meglio delle associazioni sportive.<\/p>\n<p>&nbsp;<\/p>\n<p>C Lab Sport \u00e8 un progetto della Citt\u00e0 di Moncalieri e si svolge in partenariato con le Citt\u00e0 di Trofarello, La Loggia, None, Vinovo, Candiolo, Airasca e Castagnole Piemonte. Le attivit\u00e0 sono realizzate in collaborazione con le associazioni sportive Moncalieri Basketball, Polisportiva Dravelli, Cus Torino, Rari Nantes Torino, Libertas Moncalieri, Longboard Crew Italia asd, Chisola volley, Candiolo calcio, ASD Bike and more, APD None, Podistica None, L\u2019Arcobaleno Twirling &amp; Fitness, La Loggia Softball, Polisportiva Vendemini, ASD Trofarello Sport e cultura, ASD Trofarello 1927.<\/p>\n<p>Il progetto \u00e8 finanziato dalla Regione Piemonte.<\/p>\n","protected":false},"excerpt":{"rendered":"","protected":false},"author":11,"featured_media":49693,"comment_status":"open","ping_status":"closed","sticky":false,"template":"","format":"standard","meta":[],"categories":[34],"tags":[],"news-destination":[],"news-source":[],"is_homepage":[581],"ta_other":[],"_links":{"self":[{"href":"https:\/\/www.ilmercoledi.news\/ilmercoledi\/news\/wp-json\/wp\/v2\/posts\/73163"}],"collection":[{"href":"https:\/\/www.ilmercoledi.news\/ilmercoledi\/news\/wp-json\/wp\/v2\/posts"}],"about":[{"href":"https:\/\/www.ilmercoledi.news\/ilmercoledi\/news\/wp-json\/wp\/v2\/types\/post"}],"author":[{"embeddable":true,"href":"https:\/\/www.ilmercoledi.news\/ilmercoledi\/news\/wp-json\/wp\/v2\/users\/11"}],"replies":[{"embeddable":true,"href":"https:\/\/www.ilmercoledi.news\/ilmercoledi\/news\/wp-json\/wp\/v2\/comments?post=73163"}],"version-history":[{"count":0,"href":"https:\/\/www.ilmercoledi.news\/ilmercoledi\/news\/wp-json\/wp\/v2\/posts\/73163\/revisions"}],"wp:featuredmedia":[{"embeddable":true,"href":"https:\/\/www.ilmercoledi.news\/ilmercoledi\/news\/wp-json\/wp\/v2\/media\/49693"}],"wp:attachment":[{"href":"https:\/\/www.ilmercoledi.news\/ilmercoledi\/news\/wp-json\/wp\/v2\/media?parent=73163"}],"wp:term":[{"taxonomy":"category","embeddable":true,"href":"https:\/\/www.ilmercoledi.news\/ilmercoledi\/news\/wp-json\/wp\/v2\/categories?post=73163"},{"taxonomy":"post_tag","embeddable":true,"href":"https:\/\/www.ilmercoledi.news\/ilmercoledi\/news\/wp-json\/wp\/v2\/tags?post=73163"},{"taxonomy":"news-destination","embeddable":true,"href":"https:\/\/www.ilmercoledi.news\/ilmercoledi\/news\/wp-json\/wp\/v2\/news-destination?post=73163"},{"taxonomy":"news-source","embeddable":true,"href":"https:\/\/www.ilmercoledi.news\/ilmercoledi\/news\/wp-json\/wp\/v2\/news-source?post=73163"},{"taxonomy":"is_homepage","embeddable":true,"href":"https:\/\/www.ilmercoledi.news\/ilmercoledi\/news\/wp-json\/wp\/v2\/is_homepage?post=73163"},{"taxonomy":"ta_other","embeddable":true,"href":"https:\/\/www.ilmercoledi.news\/ilmercoledi\/news\/wp-json\/wp\/v2\/ta_other?post=73163"}],"curies":[{"name":"wp","href":"https:\/\/api.w.org\/{rel}","templated":true}]}}