{"id":73174,"date":"2025-03-25T06:53:23","date_gmt":"2025-03-25T05:53:23","guid":{"rendered":"https:\/\/euwps05.newsmemory.com\/ilmercoledi\/news\/2025\/03\/25\/santena-la-partecipazione-alla-manifestazione-ricordo-delle-vittime-di-mafie\/"},"modified":"2025-03-25T06:53:30","modified_gmt":"2025-03-25T05:53:30","slug":"santena-la-partecipazione-alla-manifestazione-ricordo-delle-vittime-di-mafie","status":"publish","type":"post","link":"https:\/\/www.ilmercoledi.news\/2025\/03\/25\/santena-la-partecipazione-alla-manifestazione-ricordo-delle-vittime-di-mafie\/","title":{"rendered":"SANTENA &#8211; La partecipazione alla manifestazione in ricordo delle vittime di mafie"},"content":{"rendered":"<p>Anche Santena ha partecipato alla Giornata della Memoria e dell\u2019Impegno in Ricordo delle Vittime Innocenti delle Mafie, unendosi alla Rete degli Otto Comuni per la Legalit\u00e0 per rinnovare il proprio impegno contro ogni forma di criminalit\u00e0 organizzata.<\/p>\n<p>Un momento di riflessione e partecipazione per ricordare chi ha perso la vita per difendere la giustizia e la libert\u00e0, e per affermare con forza i valori di legalit\u00e0, responsabilit\u00e0 e trasparenza nelle istituzioni e nella comunit\u00e0.<\/p>\n<p>La lotta alle mafie si costruisce ogni giorno, attraverso la cultura, la consapevolezza e il lavoro congiunto tra cittadini e amministrazioni.<\/p>\n","protected":false},"excerpt":{"rendered":"","protected":false},"author":11,"featured_media":73173,"comment_status":"open","ping_status":"closed","sticky":false,"template":"","format":"standard","meta":[],"categories":[34],"tags":[],"news-destination":[],"news-source":[],"is_homepage":[581],"ta_other":[],"_links":{"self":[{"href":"https:\/\/www.ilmercoledi.news\/ilmercoledi\/news\/wp-json\/wp\/v2\/posts\/73174"}],"collection":[{"href":"https:\/\/www.ilmercoledi.news\/ilmercoledi\/news\/wp-json\/wp\/v2\/posts"}],"about":[{"href":"https:\/\/www.ilmercoledi.news\/ilmercoledi\/news\/wp-json\/wp\/v2\/types\/post"}],"author":[{"embeddable":true,"href":"https:\/\/www.ilmercoledi.news\/ilmercoledi\/news\/wp-json\/wp\/v2\/users\/11"}],"replies":[{"embeddable":true,"href":"https:\/\/www.ilmercoledi.news\/ilmercoledi\/news\/wp-json\/wp\/v2\/comments?post=73174"}],"version-history":[{"count":0,"href":"https:\/\/www.ilmercoledi.news\/ilmercoledi\/news\/wp-json\/wp\/v2\/posts\/73174\/revisions"}],"wp:featuredmedia":[{"embeddable":true,"href":"https:\/\/www.ilmercoledi.news\/ilmercoledi\/news\/wp-json\/wp\/v2\/media\/73173"}],"wp:attachment":[{"href":"https:\/\/www.ilmercoledi.news\/ilmercoledi\/news\/wp-json\/wp\/v2\/media?parent=73174"}],"wp:term":[{"taxonomy":"category","embeddable":true,"href":"https:\/\/www.ilmercoledi.news\/ilmercoledi\/news\/wp-json\/wp\/v2\/categories?post=73174"},{"taxonomy":"post_tag","embeddable":true,"href":"https:\/\/www.ilmercoledi.news\/ilmercoledi\/news\/wp-json\/wp\/v2\/tags?post=73174"},{"taxonomy":"news-destination","embeddable":true,"href":"https:\/\/www.ilmercoledi.news\/ilmercoledi\/news\/wp-json\/wp\/v2\/news-destination?post=73174"},{"taxonomy":"news-source","embeddable":true,"href":"https:\/\/www.ilmercoledi.news\/ilmercoledi\/news\/wp-json\/wp\/v2\/news-source?post=73174"},{"taxonomy":"is_homepage","embeddable":true,"href":"https:\/\/www.ilmercoledi.news\/ilmercoledi\/news\/wp-json\/wp\/v2\/is_homepage?post=73174"},{"taxonomy":"ta_other","embeddable":true,"href":"https:\/\/www.ilmercoledi.news\/ilmercoledi\/news\/wp-json\/wp\/v2\/ta_other?post=73174"}],"curies":[{"name":"wp","href":"https:\/\/api.w.org\/{rel}","templated":true}]}}