{"id":73200,"date":"2025-03-25T21:36:17","date_gmt":"2025-03-25T20:36:17","guid":{"rendered":"https:\/\/euwps06.newsmemory.com\/ilmercoledi\/news\/2025\/03\/25\/regione-formazione-con-sostegno-al-reddito-dei-lavoratori\/"},"modified":"2025-03-25T21:36:20","modified_gmt":"2024-10-26T21:36:20","slug":"regione-formazione-con-sostegno-al-reddito-dei-lavoratori","status":"publish","type":"post","link":"https:\/\/www.ilmercoledi.news\/2025\/03\/25\/regione-formazione-con-sostegno-al-reddito-dei-lavoratori\/","title":{"rendered":"REGIONE &#8211; Formazione con sostegno al reddito dei lavoratori"},"content":{"rendered":"<p>Diventa realt\u00e0 in Piemonte la formazione con il sostegno al reddito dei lavoratori in cassa integrazione: si \u00e8 iniziato con i colloqui alla Lear di Grugliasco e si proseguir\u00e0 a breve con Te Connectivity e Msa Dumper, per un totale di 630 persone potenzialmente interessate.<\/p>\n<p>&nbsp;<\/p>\n<p>L\u2019obiettivo \u00e8 quello di aiutare questi lavoratori a migliorare le competenze professionali, restituendo loro non solo opportunit\u00e0 di crescita, ma anche un riconoscimento economico per sostenere il percorso formativo. Chi accede a questi percorsi si vede infatti garantita un\u2019integrazione economica in busta paga e pu\u00f2 quindi sviluppare le proprie capacit\u00e0 e compensare le riduzioni del reddito.<\/p>\n<p>&nbsp;<\/p>\n<p>\u201cCome Regione abbiamo mantenuto la promessa di restare al fianco dei lavoratori in difficolt\u00e0 &#8211; dichiara Elena Chiorino, vicepresidente e assessore al Lavoro &#8211; L\u2019inserimento di tutti i soggetti in cassa integrazione nel percorso di formazione \u00e8 una vera e propria rivoluzione nel campo delle politiche attive del lavoro che parte con il Piemonte, prima e unica Regione in Italia ad aver avviato la misura. Il nostro obiettivo \u00e8 da sempre investire nel capitale umano e dare ai lavoratori un supporto concreto per affrontare i cambiamenti del mercato, riqualificarsi e aggiornare le proprie competenze. Grazie a questa misura, possono cogliere nuove opportunit\u00e0 professionali senza subire un impatto negativo sullo stipendio. Per noi, ogni euro speso per la formazione dei lavoratori e per il rafforzamento della competitivit\u00e0 delle imprese \u00e8 un investimento strategico e indispensabile per il futuro del Piemonte\u201d.<\/p>\n","protected":false},"excerpt":{"rendered":"","protected":false},"author":11,"featured_media":69617,"comment_status":"open","ping_status":"closed","sticky":false,"template":"","format":"standard","meta":[],"categories":[34],"tags":[],"news-destination":[],"news-source":[],"is_homepage":[581],"ta_other":[],"_links":{"self":[{"href":"https:\/\/www.ilmercoledi.news\/ilmercoledi\/news\/wp-json\/wp\/v2\/posts\/73200"}],"collection":[{"href":"https:\/\/www.ilmercoledi.news\/ilmercoledi\/news\/wp-json\/wp\/v2\/posts"}],"about":[{"href":"https:\/\/www.ilmercoledi.news\/ilmercoledi\/news\/wp-json\/wp\/v2\/types\/post"}],"author":[{"embeddable":true,"href":"https:\/\/www.ilmercoledi.news\/ilmercoledi\/news\/wp-json\/wp\/v2\/users\/11"}],"replies":[{"embeddable":true,"href":"https:\/\/www.ilmercoledi.news\/ilmercoledi\/news\/wp-json\/wp\/v2\/comments?post=73200"}],"version-history":[{"count":0,"href":"https:\/\/www.ilmercoledi.news\/ilmercoledi\/news\/wp-json\/wp\/v2\/posts\/73200\/revisions"}],"wp:featuredmedia":[{"embeddable":true,"href":"https:\/\/www.ilmercoledi.news\/ilmercoledi\/news\/wp-json\/wp\/v2\/media\/69617"}],"wp:attachment":[{"href":"https:\/\/www.ilmercoledi.news\/ilmercoledi\/news\/wp-json\/wp\/v2\/media?parent=73200"}],"wp:term":[{"taxonomy":"category","embeddable":true,"href":"https:\/\/www.ilmercoledi.news\/ilmercoledi\/news\/wp-json\/wp\/v2\/categories?post=73200"},{"taxonomy":"post_tag","embeddable":true,"href":"https:\/\/www.ilmercoledi.news\/ilmercoledi\/news\/wp-json\/wp\/v2\/tags?post=73200"},{"taxonomy":"news-destination","embeddable":true,"href":"https:\/\/www.ilmercoledi.news\/ilmercoledi\/news\/wp-json\/wp\/v2\/news-destination?post=73200"},{"taxonomy":"news-source","embeddable":true,"href":"https:\/\/www.ilmercoledi.news\/ilmercoledi\/news\/wp-json\/wp\/v2\/news-source?post=73200"},{"taxonomy":"is_homepage","embeddable":true,"href":"https:\/\/www.ilmercoledi.news\/ilmercoledi\/news\/wp-json\/wp\/v2\/is_homepage?post=73200"},{"taxonomy":"ta_other","embeddable":true,"href":"https:\/\/www.ilmercoledi.news\/ilmercoledi\/news\/wp-json\/wp\/v2\/ta_other?post=73200"}],"curies":[{"name":"wp","href":"https:\/\/api.w.org\/{rel}","templated":true}]}}