{"id":73283,"date":"2025-04-01T17:31:05","date_gmt":"2025-04-01T15:31:05","guid":{"rendered":"https:\/\/euwps05.newsmemory.com\/ilmercoledi\/news\/2025\/04\/01\/videomapping-per-celebrare-gli-80-anni-della-liberazione-e-le-donne-partigiane\/"},"modified":"2025-04-01T17:32:06","modified_gmt":"2025-04-01T15:32:06","slug":"videomapping-per-celebrare-gli-80-anni-della-liberazione-e-le-donne-partigiane","status":"publish","type":"post","link":"https:\/\/www.ilmercoledi.news\/2025\/04\/01\/videomapping-per-celebrare-gli-80-anni-della-liberazione-e-le-donne-partigiane\/","title":{"rendered":"Videomapping per celebrare gli 80 anni della Liberazione e le donne partigiane"},"content":{"rendered":"<p>Un videomapping per celebrare gli 80 anni della Liberazione e le donne partigiane. In vista del 25 aprile il Comune di Moncalieri, in collaborazione con l\u2019Associazione culturale Avvalorando, presenta un evento straordinario per celebrare il ruolo fondamentale delle donne partigiane piemontesi nella Resistenza: un videomapping di grande impatto emotivo e visivo, proiettato sulla facciata del Municipio.<\/p>\n<p>Il videomapping debutter\u00e0 venerd\u00ec 4 aprile alle ore 20:30 e sar\u00e0 visibile tutte le sere fino al 26 aprile. Dalle 20,30 alle 21,30 il video sar\u00e0 accompagnato dal sonoro, mentre proseguir\u00e0 in modalit\u00e0 silenziosa tutte le sere fino alle 23.<\/p>\n<p>Attraverso il materiale d\u2019archivio di Istoreto &#8211; Istituto piemontese per la storia della Resistenza e della societ\u00e0 contemporanea Giorgio Agosti -, \u00e8 stato creatio un videoracconto che in modo semplice e di grande impatto, racconta la storia femminile nella lotta partigiana.<\/p>\n<p>Il videomapping sovrappone parole e immagini, creando un racconto emozionale che restituisce un protagonismo femminile intenso e significativo. Uno spirito \u00e8 ben rappresentato dalle parole della partigiana Anna Cherchi Ferrari, cittadina onoraria di Moncalieri, scomparsa ad inizio anno: \u201c\u2026tutti volevano aiutarmi\u2026\u201d e \u201c\u2026per comprendere il significato della parola libert\u00e0, bisogna esserne stati privi\u2026\u201d.<\/p>\n<p>Un ulteriore messaggio di speranza e fiducia nel futuro emerge dalla citazione del partigiano torinese Paolo Braccini, fucilato al Martinetto: \u201c\u2026il mondo migliorer\u00e0, statene certi.\u201d che chiude il video.<\/p>\n<p>\u201cAbbiamo voluto cogliere l\u2019importante occasione degli 80 anni della Liberazione per rendere omaggio \u201call\u2019altra met\u00e0 della Storia\u201d. Le donne furono protagoniste della Resistenza ma il loro ruolo \u00e8 stato troppo spesso oscurato e trascurato. Oggi assistiamo ad un importante rivoluzione culturale che mira a creare una societ\u00e0 in cui il valore dell\u2019inclusione e della parit\u00e0 sia fondante. Togliere dall\u2019oblio della Storia le nostre \u201cantenate\u201d, \u00e8 uno degli aspetti di questo cambiamento per cui in tante e tanti stiamo lavorando\u201d \u2013 dichiarano il Sindaco di Moncalieri Paolo Montagna e Antonella Parigi, Assessora alla Cultura del Comune di Moncalieri.<\/p>\n<p>&nbsp;<\/p>\n","protected":false},"excerpt":{"rendered":"","protected":false},"author":7,"featured_media":73282,"comment_status":"open","ping_status":"closed","sticky":false,"template":"","format":"standard","meta":[],"categories":[34],"tags":[],"news-destination":[],"news-source":[],"is_homepage":[581],"ta_other":[],"_links":{"self":[{"href":"https:\/\/www.ilmercoledi.news\/ilmercoledi\/news\/wp-json\/wp\/v2\/posts\/73283"}],"collection":[{"href":"https:\/\/www.ilmercoledi.news\/ilmercoledi\/news\/wp-json\/wp\/v2\/posts"}],"about":[{"href":"https:\/\/www.ilmercoledi.news\/ilmercoledi\/news\/wp-json\/wp\/v2\/types\/post"}],"author":[{"embeddable":true,"href":"https:\/\/www.ilmercoledi.news\/ilmercoledi\/news\/wp-json\/wp\/v2\/users\/7"}],"replies":[{"embeddable":true,"href":"https:\/\/www.ilmercoledi.news\/ilmercoledi\/news\/wp-json\/wp\/v2\/comments?post=73283"}],"version-history":[{"count":0,"href":"https:\/\/www.ilmercoledi.news\/ilmercoledi\/news\/wp-json\/wp\/v2\/posts\/73283\/revisions"}],"wp:featuredmedia":[{"embeddable":true,"href":"https:\/\/www.ilmercoledi.news\/ilmercoledi\/news\/wp-json\/wp\/v2\/media\/73282"}],"wp:attachment":[{"href":"https:\/\/www.ilmercoledi.news\/ilmercoledi\/news\/wp-json\/wp\/v2\/media?parent=73283"}],"wp:term":[{"taxonomy":"category","embeddable":true,"href":"https:\/\/www.ilmercoledi.news\/ilmercoledi\/news\/wp-json\/wp\/v2\/categories?post=73283"},{"taxonomy":"post_tag","embeddable":true,"href":"https:\/\/www.ilmercoledi.news\/ilmercoledi\/news\/wp-json\/wp\/v2\/tags?post=73283"},{"taxonomy":"news-destination","embeddable":true,"href":"https:\/\/www.ilmercoledi.news\/ilmercoledi\/news\/wp-json\/wp\/v2\/news-destination?post=73283"},{"taxonomy":"news-source","embeddable":true,"href":"https:\/\/www.ilmercoledi.news\/ilmercoledi\/news\/wp-json\/wp\/v2\/news-source?post=73283"},{"taxonomy":"is_homepage","embeddable":true,"href":"https:\/\/www.ilmercoledi.news\/ilmercoledi\/news\/wp-json\/wp\/v2\/is_homepage?post=73283"},{"taxonomy":"ta_other","embeddable":true,"href":"https:\/\/www.ilmercoledi.news\/ilmercoledi\/news\/wp-json\/wp\/v2\/ta_other?post=73283"}],"curies":[{"name":"wp","href":"https:\/\/api.w.org\/{rel}","templated":true}]}}