{"id":73406,"date":"2025-04-04T10:37:50","date_gmt":"2025-04-04T08:37:50","guid":{"rendered":"https:\/\/euwps06.newsmemory.com\/ilmercoledi\/news\/2025\/04\/04\/imprenditore-moncalierese-vittima-di-un-agguato-armato-milano-la-polizia-segue-la-pista-dei-soldi\/"},"modified":"2025-04-04T10:37:52","modified_gmt":"2024-06-08T10:37:52","slug":"imprenditore-moncalierese-vittima-di-un-agguato-armato-milano-la-polizia-segue-la-pista-dei-soldi","status":"publish","type":"post","link":"https:\/\/www.ilmercoledi.news\/2025\/04\/04\/imprenditore-moncalierese-vittima-di-un-agguato-armato-milano-la-polizia-segue-la-pista-dei-soldi\/","title":{"rendered":"Imprenditore moncalierese vittima di un agguato armato a Milano: la polizia segue la pista dei soldi"},"content":{"rendered":"<p>In merito al caso dell&#8217;imprenditore di origini cinesi ma residente a Moncalieri, vittima di un agguato armato a Milano, nel corso del quale \u00e8 stato ferito da due colpi di pistola che per sua fortuna lo hanno preso solamente di striscio, la polizia starebbe seguendo una pista legata ad una faida nata per del denaro sparito. Il fatto, su cui indaga la squadra mobile del capoluogo lombardo, potrebbe essere stato una secca intimidazione, eseguita forse su commissione. Si tratta per\u00f2 di ipotesi investigative, ma che potrebbero prossimamente portare a dei risultati pi\u00f9 concreti.<\/p>\n<p>La vittima dell\u2019inquietante episodio \u00e8 Songhua Z., 42 anni e appunto residente di fatto nella nostra citt\u00e0, anche se ha una casa anche a Milano, sotto la quale \u00e8 stato aggredito da chi lo attendeva nascosto in un angolo buio per non essere visto. Come dicevamo risulta essere un imprenditore intestatario di due ditte, una di tipo individuale che ha creato nel 2019 e un altra di cui invece possiede il 55% delle quote. Una societ\u00e0 quindi, che condivide con altri imprenditori italiani. Inoltre, quando dopo l\u2019agguato \u00e8 stato ascoltato dai poliziotti, ha spiegato che ultimamente si sta occupando anche di un\u2019altra azienda con sede nella provincia di Varese. Un\u2019impresa che per\u00f2, sempre in base a quanto trapelato nel corso della primissima parte dell\u2019indagine, sarebbe recentemente finita al centro di un\u2019indagine portata avanti dalla guardia di finanza che per\u00f2 al momento non \u00e8 ancora sfociata in nessun procedimento.<\/p>\n","protected":false},"excerpt":{"rendered":"","protected":false},"author":10,"featured_media":49944,"comment_status":"open","ping_status":"closed","sticky":false,"template":"","format":"standard","meta":[],"categories":[395,34],"tags":[],"news-destination":[],"news-source":[],"is_homepage":[581],"ta_other":[],"_links":{"self":[{"href":"https:\/\/www.ilmercoledi.news\/ilmercoledi\/news\/wp-json\/wp\/v2\/posts\/73406"}],"collection":[{"href":"https:\/\/www.ilmercoledi.news\/ilmercoledi\/news\/wp-json\/wp\/v2\/posts"}],"about":[{"href":"https:\/\/www.ilmercoledi.news\/ilmercoledi\/news\/wp-json\/wp\/v2\/types\/post"}],"author":[{"embeddable":true,"href":"https:\/\/www.ilmercoledi.news\/ilmercoledi\/news\/wp-json\/wp\/v2\/users\/10"}],"replies":[{"embeddable":true,"href":"https:\/\/www.ilmercoledi.news\/ilmercoledi\/news\/wp-json\/wp\/v2\/comments?post=73406"}],"version-history":[{"count":0,"href":"https:\/\/www.ilmercoledi.news\/ilmercoledi\/news\/wp-json\/wp\/v2\/posts\/73406\/revisions"}],"wp:featuredmedia":[{"embeddable":true,"href":"https:\/\/www.ilmercoledi.news\/ilmercoledi\/news\/wp-json\/wp\/v2\/media\/49944"}],"wp:attachment":[{"href":"https:\/\/www.ilmercoledi.news\/ilmercoledi\/news\/wp-json\/wp\/v2\/media?parent=73406"}],"wp:term":[{"taxonomy":"category","embeddable":true,"href":"https:\/\/www.ilmercoledi.news\/ilmercoledi\/news\/wp-json\/wp\/v2\/categories?post=73406"},{"taxonomy":"post_tag","embeddable":true,"href":"https:\/\/www.ilmercoledi.news\/ilmercoledi\/news\/wp-json\/wp\/v2\/tags?post=73406"},{"taxonomy":"news-destination","embeddable":true,"href":"https:\/\/www.ilmercoledi.news\/ilmercoledi\/news\/wp-json\/wp\/v2\/news-destination?post=73406"},{"taxonomy":"news-source","embeddable":true,"href":"https:\/\/www.ilmercoledi.news\/ilmercoledi\/news\/wp-json\/wp\/v2\/news-source?post=73406"},{"taxonomy":"is_homepage","embeddable":true,"href":"https:\/\/www.ilmercoledi.news\/ilmercoledi\/news\/wp-json\/wp\/v2\/is_homepage?post=73406"},{"taxonomy":"ta_other","embeddable":true,"href":"https:\/\/www.ilmercoledi.news\/ilmercoledi\/news\/wp-json\/wp\/v2\/ta_other?post=73406"}],"curies":[{"name":"wp","href":"https:\/\/api.w.org\/{rel}","templated":true}]}}