{"id":73547,"date":"2025-04-09T21:11:29","date_gmt":"2025-04-09T19:11:29","guid":{"rendered":"https:\/\/euwps05.newsmemory.com\/ilmercoledi\/news\/2025\/04\/09\/pecetto-incontro-con-lautore-del-24-aprile-enrico-camanni-presenta-la-bandita\/"},"modified":"2025-04-09T21:12:00","modified_gmt":"2025-04-09T19:12:00","slug":"pecetto-incontro-con-lautore-del-24-aprile-enrico-camanni-presenta-la-bandita","status":"publish","type":"post","link":"https:\/\/www.ilmercoledi.news\/2025\/04\/09\/pecetto-incontro-con-lautore-del-24-aprile-enrico-camanni-presenta-la-bandita\/","title":{"rendered":"PECETTO &#8211; Incontro con l&#8217;Autore del 24 aprile: Enrico Camanni presenta &#8216;La bandita&#8217;"},"content":{"rendered":"<p>Torna Nanni Settembrini, la guida alpina e il soccorritore protagonista di &#8220;Una coperta di neve&#8221; e &#8220;La discesa infinita&#8221;, questa volta con un&#8217;avventura ambientata durante la sua giovinezza, quando era pi\u00f9 avventato e intransigente, ma come sempre ossessionato dal mistero pi\u00f9 grande di tutti: l&#8217;anima degli esseri umani.<\/p>\n<p>&nbsp;<\/p>\n<p>\u00c8 il 1993 e Nanni Settembrini \u00e8 una giovane guida di ostinate speranze. La chiamata d&#8217;intervento in un pomeriggio di mezza estate lo mette al muro. Non si tratta di ritrovare un turista maldestro o un escursionista sfortunato, ma una ricercata in fuga: Sara Piras, infermiera accusata di tentato omicidio, \u00e8 stata avvistata in alta Valle d&#8217;Aosta e probabilmente sta cercando di far perdere le tracce tra le cime del Monte Bianco.<\/p>\n<p>Nanni parte con i soccorritori, setaccia sentieri e nevai, batte le piste su e gi\u00f9 per il massiccio. Tutto inutile: la fuggitiva pare svanita nel nulla.<\/p>\n<p>&nbsp;<\/p>\n<p>Nelle settimane che seguono, Sara Piras scivola in fondo alle pagine di cronaca e alle priorit\u00e0 delle Forze dell&#8217;ordine, ma Settembrini insiste. A togliergli il sonno non \u00e8 tanto dove sia, quanto che cosa nasconda: perch\u00e9 ha assalito il primario dell&#8217;ospedale? Come mai l&#8217;ha soccorso dopo averlo pugnalato? Gli indizi che pian piano emergono non portano risposte ma un&#8217;altra domanda: e se Sara non fosse il mostro che tutti dipingono?<\/p>\n<p>&nbsp;<\/p>\n<p>In uscita per Mondadori il 22 aprile, Enrico Camanni ci presenter\u00e0 il suo ultimo libro nell&#8217;ambito degli &#8220;Incontri con l&#8217;Autore&#8221; gioved\u00ec 24 aprile alle ore 21 all&#8217;Osteria Contemporanea (piazzale delle Ciliegie, Pecetto).<\/p>\n<p>&nbsp;<\/p>\n<p>Ingresso libero e gratuito. Info: biblioteca@comune.pecetto.to.it &#8211; tel. 0118609996.<\/p>\n","protected":false},"excerpt":{"rendered":"","protected":false},"author":11,"featured_media":11845,"comment_status":"open","ping_status":"closed","sticky":false,"template":"","format":"standard","meta":[],"categories":[34],"tags":[],"news-destination":[],"news-source":[],"is_homepage":[581],"ta_other":[],"_links":{"self":[{"href":"https:\/\/www.ilmercoledi.news\/ilmercoledi\/news\/wp-json\/wp\/v2\/posts\/73547"}],"collection":[{"href":"https:\/\/www.ilmercoledi.news\/ilmercoledi\/news\/wp-json\/wp\/v2\/posts"}],"about":[{"href":"https:\/\/www.ilmercoledi.news\/ilmercoledi\/news\/wp-json\/wp\/v2\/types\/post"}],"author":[{"embeddable":true,"href":"https:\/\/www.ilmercoledi.news\/ilmercoledi\/news\/wp-json\/wp\/v2\/users\/11"}],"replies":[{"embeddable":true,"href":"https:\/\/www.ilmercoledi.news\/ilmercoledi\/news\/wp-json\/wp\/v2\/comments?post=73547"}],"version-history":[{"count":0,"href":"https:\/\/www.ilmercoledi.news\/ilmercoledi\/news\/wp-json\/wp\/v2\/posts\/73547\/revisions"}],"wp:featuredmedia":[{"embeddable":true,"href":"https:\/\/www.ilmercoledi.news\/ilmercoledi\/news\/wp-json\/wp\/v2\/media\/11845"}],"wp:attachment":[{"href":"https:\/\/www.ilmercoledi.news\/ilmercoledi\/news\/wp-json\/wp\/v2\/media?parent=73547"}],"wp:term":[{"taxonomy":"category","embeddable":true,"href":"https:\/\/www.ilmercoledi.news\/ilmercoledi\/news\/wp-json\/wp\/v2\/categories?post=73547"},{"taxonomy":"post_tag","embeddable":true,"href":"https:\/\/www.ilmercoledi.news\/ilmercoledi\/news\/wp-json\/wp\/v2\/tags?post=73547"},{"taxonomy":"news-destination","embeddable":true,"href":"https:\/\/www.ilmercoledi.news\/ilmercoledi\/news\/wp-json\/wp\/v2\/news-destination?post=73547"},{"taxonomy":"news-source","embeddable":true,"href":"https:\/\/www.ilmercoledi.news\/ilmercoledi\/news\/wp-json\/wp\/v2\/news-source?post=73547"},{"taxonomy":"is_homepage","embeddable":true,"href":"https:\/\/www.ilmercoledi.news\/ilmercoledi\/news\/wp-json\/wp\/v2\/is_homepage?post=73547"},{"taxonomy":"ta_other","embeddable":true,"href":"https:\/\/www.ilmercoledi.news\/ilmercoledi\/news\/wp-json\/wp\/v2\/ta_other?post=73547"}],"curies":[{"name":"wp","href":"https:\/\/api.w.org\/{rel}","templated":true}]}}