{"id":73548,"date":"2025-04-09T21:20:13","date_gmt":"2025-04-09T19:20:13","guid":{"rendered":"https:\/\/euwps05.newsmemory.com\/ilmercoledi\/news\/2025\/04\/09\/moncalieri-fino-al-30-aprile-aperte-le-iscrizioni-per-centri-estivi\/"},"modified":"2025-04-09T21:20:25","modified_gmt":"2025-04-09T19:20:25","slug":"moncalieri-fino-al-30-aprile-aperte-le-iscrizioni-per-centri-estivi","status":"publish","type":"post","link":"https:\/\/www.ilmercoledi.news\/2025\/04\/09\/moncalieri-fino-al-30-aprile-aperte-le-iscrizioni-per-centri-estivi\/","title":{"rendered":"MONCALIERI &#8211; Fino al 30 aprile aperte le iscrizioni per i centri estivi"},"content":{"rendered":"<p>Fino al 30 aprile 2025 (termine ultimo inderogabile), \u00e9 possibile richiedere il servizio estivo &#8211; articolato su 5 settimane &#8211; di cui si intende usufruire per i bambini<\/p>\n<p>L&#8217;erogazione\/organizzazione del servizio estivo potr\u00e0 essere subordinata al numero complessivo di richieste.<\/p>\n<p>Ad inizio servizio non \u00e8 consentito recedere dalla richiesta opzionata per nessuna motivazione (malattia, differente organizzazione\/sede del servizio estivo rispetto all\u2019organizzazione adottata durante l\u2019anno scolastico, altro).<\/p>\n<p>L\u2019importo delle tariffe del servizio estivo sar\u00e0 calcolato sulla base della tariffa gi\u00e0 attribuita per l\u2019anno educativo. Trattandosi di un servizio facoltativo ed aggiuntivo, rispetto al servizio di asilo nido, d\u00e0 luogo all\u2019attribuzione di specifiche tariffe con un sistema di calcolo basato sui giorni effettivi richiesti.<\/p>\n<p>Su di esse dovr\u00e0 essere versato:<\/p>\n<p>&#8211; un anticipo pari al 50% del totale non rimborsabile, &#8211; entro il 31 maggio 2025.<\/p>\n<p>&#8211; il saldo non rimborsabile &#8211; entro il 15 giugno 2025.<\/p>\n<p>La frequenza del servizio estivo \u00e8 subordinata al pagamento delle due quote sopra specificate (anticipo e saldo).<\/p>\n<p>L\u2019obbligo di pagamento discende dalla richiesta effettuata e non dall\u2019effettiva frequenza, pertanto la tariffa riferita al servizio estivo sar\u00e0 comunque dovuta ed il mancato pagamento sar\u00e0 trattato come morosit\u00e0.<\/p>\n","protected":false},"excerpt":{"rendered":"","protected":false},"author":11,"featured_media":39517,"comment_status":"open","ping_status":"closed","sticky":false,"template":"","format":"standard","meta":[],"categories":[34],"tags":[],"news-destination":[],"news-source":[],"is_homepage":[581],"ta_other":[],"_links":{"self":[{"href":"https:\/\/www.ilmercoledi.news\/ilmercoledi\/news\/wp-json\/wp\/v2\/posts\/73548"}],"collection":[{"href":"https:\/\/www.ilmercoledi.news\/ilmercoledi\/news\/wp-json\/wp\/v2\/posts"}],"about":[{"href":"https:\/\/www.ilmercoledi.news\/ilmercoledi\/news\/wp-json\/wp\/v2\/types\/post"}],"author":[{"embeddable":true,"href":"https:\/\/www.ilmercoledi.news\/ilmercoledi\/news\/wp-json\/wp\/v2\/users\/11"}],"replies":[{"embeddable":true,"href":"https:\/\/www.ilmercoledi.news\/ilmercoledi\/news\/wp-json\/wp\/v2\/comments?post=73548"}],"version-history":[{"count":0,"href":"https:\/\/www.ilmercoledi.news\/ilmercoledi\/news\/wp-json\/wp\/v2\/posts\/73548\/revisions"}],"wp:featuredmedia":[{"embeddable":true,"href":"https:\/\/www.ilmercoledi.news\/ilmercoledi\/news\/wp-json\/wp\/v2\/media\/39517"}],"wp:attachment":[{"href":"https:\/\/www.ilmercoledi.news\/ilmercoledi\/news\/wp-json\/wp\/v2\/media?parent=73548"}],"wp:term":[{"taxonomy":"category","embeddable":true,"href":"https:\/\/www.ilmercoledi.news\/ilmercoledi\/news\/wp-json\/wp\/v2\/categories?post=73548"},{"taxonomy":"post_tag","embeddable":true,"href":"https:\/\/www.ilmercoledi.news\/ilmercoledi\/news\/wp-json\/wp\/v2\/tags?post=73548"},{"taxonomy":"news-destination","embeddable":true,"href":"https:\/\/www.ilmercoledi.news\/ilmercoledi\/news\/wp-json\/wp\/v2\/news-destination?post=73548"},{"taxonomy":"news-source","embeddable":true,"href":"https:\/\/www.ilmercoledi.news\/ilmercoledi\/news\/wp-json\/wp\/v2\/news-source?post=73548"},{"taxonomy":"is_homepage","embeddable":true,"href":"https:\/\/www.ilmercoledi.news\/ilmercoledi\/news\/wp-json\/wp\/v2\/is_homepage?post=73548"},{"taxonomy":"ta_other","embeddable":true,"href":"https:\/\/www.ilmercoledi.news\/ilmercoledi\/news\/wp-json\/wp\/v2\/ta_other?post=73548"}],"curies":[{"name":"wp","href":"https:\/\/api.w.org\/{rel}","templated":true}]}}