{"id":73573,"date":"2025-04-10T15:34:16","date_gmt":"2025-04-10T13:34:16","guid":{"rendered":"https:\/\/euwps06.newsmemory.com\/ilmercoledi\/news\/2025\/04\/10\/carmagnola-per-laperilibro-di-giovedi-17-aprile-tremi-chi-e-innocente-di-barbara-frandino\/"},"modified":"2025-04-10T15:34:18","modified_gmt":"2024-06-14T15:34:18","slug":"carmagnola-per-laperilibro-di-giovedi-17-aprile-tremi-chi-e-innocente-di-barbara-frandino","status":"publish","type":"post","link":"https:\/\/www.ilmercoledi.news\/2025\/04\/10\/carmagnola-per-laperilibro-di-giovedi-17-aprile-tremi-chi-e-innocente-di-barbara-frandino\/","title":{"rendered":"CARMAGNOLA &#8211; Per \u00abl&#8217;Aperilibro\u00bb di gioved\u00ec 17 aprile, \u00abTremi chi \u00e8 innocente\u00bb di Barbara Frandino"},"content":{"rendered":"<p>IL LIBRO<\/p>\n<p>\u201cTremi chi \u00e8 innocente\u201d<\/p>\n<p>Quando il cadavere di un uomo viene ripescato nel fiume, Nico \u00e8 certo di sapere di chi si tratta. Per una ragione molto semplice: \u00e8 stato lui a ucciderlo. O almeno cos\u00ed crede. Nel tentativo di ricostruire i fatti, per assolversi o condannarsi, si ritrova a scavare nelle bugie della sua famiglia e a cercare l\u2019origine della loro infelicit\u00e0, che come una malattia si \u00e8 propagata e ha infettato ogni cosa. Persino i desideri. Magari tutto \u00e8 cominciato quando suo padre, un ingegnere in cerca della felicit\u00e0 termodinamica, ha iniziato a riempire la casa di oggetti che lui stesso avrebbe voluto inventare. O quando sua madre, con un diploma di laurea che prende polvere in un cassetto, ha sognato di perdersi dentro i libri che ama e sparire per sempre. Oppure nel momento preciso in cui Nico ha guardato suo zio e ha temuto di somigliargli. O magari un motivo non c\u2019\u00e8, succede e basta, che le vite precipitino. La certezza diventa presto una sola: per quella morte tutti avrebbero un movente, perch\u00e9 tutti hanno qualcosa da nascondere. A tratti crudele, a tratti ironica, sempre efficacissima, la scrittura \u00e8 la vera arma di questo romanzo mondo. Un noir familiare che si legge d\u2019un fiato, un ordigno perfetto che ci lascia intravedere la distanza minima tra chi siamo e chi potremmo essere. Una famiglia pu\u00f2 essere un piccolo universo. E se a raccontarla mentre esplode \u00e8 un ragazzino di sedici anni con una voce trascinante, una testa fuori dal comune, una vita sociale ai minimi termini e un numero considerevole di mali immaginari, tutto si fa pi\u00fa mosso e imprevedibile. Il punto \u00e8 che quando i desideri di Nico cominciano ad avverarsi, un uomo muore. Ma tutti nella sua famiglia hanno un movente per uccidere. E una vita piena di segreti e di colpe, di crepe e di bagliori. \u00abQuello che non capisco \u00e8 perch\u00e9 adesso ce ne stiamo qui a cercare di imbrogliarci a vicenda, a fingere di essere una famiglia normale, persone normali\u00bb.<\/p>\n<p>LA SCRITTRICE<\/p>\n<p>Barbara Frandino \u00e8 giornalista, sceneggiatrice, produttrice e autrice di documentari e di programmi radiofonici. Ha pubblicato con Einaudi \u00c8 quello che ti meriti (2020) e Tremi chi \u00e8 innocente (2025) e, sempre per Einaudi, curato le raccolte di racconti Corpo a corpo (2008) e Ti vengo a cercare (2011). Ha scritto due libri per ragazzi, Jason (Salani 2013) e Che paura (Fabbri 2017), ed \u00e8 coautrice di libri editi da Feltrinelli nella collana \u00abSave the Parents\u00bb.<\/p>\n<p>LA SERATA<\/p>\n<p>L&#8217;apericena (non obbligatoria) avr\u00e0 luogo alla Trattoria della Vigna gioved\u00ec 27 marzo a partire dalle ore 19:30 al costo di \u20ac 15,00 comprensiva di due antipasti, un primo e acqua e garantisce i posti nelle prime file alla presentazione. L&#8217;incontro con la scrittrice sar\u00e0 invece nell&#8217;attigua Sala Monviso (Via San Francesco di Sales 188 a Carmagnola) alle ore 21:00. Come sempre, quota di ingresso 1\u20ac.<\/p>\n","protected":false},"excerpt":{"rendered":"","protected":false},"author":10,"featured_media":73572,"comment_status":"open","ping_status":"closed","sticky":false,"template":"","format":"standard","meta":[],"categories":[34,9],"tags":[],"news-destination":[],"news-source":[],"is_homepage":[],"ta_other":[],"_links":{"self":[{"href":"https:\/\/www.ilmercoledi.news\/ilmercoledi\/news\/wp-json\/wp\/v2\/posts\/73573"}],"collection":[{"href":"https:\/\/www.ilmercoledi.news\/ilmercoledi\/news\/wp-json\/wp\/v2\/posts"}],"about":[{"href":"https:\/\/www.ilmercoledi.news\/ilmercoledi\/news\/wp-json\/wp\/v2\/types\/post"}],"author":[{"embeddable":true,"href":"https:\/\/www.ilmercoledi.news\/ilmercoledi\/news\/wp-json\/wp\/v2\/users\/10"}],"replies":[{"embeddable":true,"href":"https:\/\/www.ilmercoledi.news\/ilmercoledi\/news\/wp-json\/wp\/v2\/comments?post=73573"}],"version-history":[{"count":0,"href":"https:\/\/www.ilmercoledi.news\/ilmercoledi\/news\/wp-json\/wp\/v2\/posts\/73573\/revisions"}],"wp:featuredmedia":[{"embeddable":true,"href":"https:\/\/www.ilmercoledi.news\/ilmercoledi\/news\/wp-json\/wp\/v2\/media\/73572"}],"wp:attachment":[{"href":"https:\/\/www.ilmercoledi.news\/ilmercoledi\/news\/wp-json\/wp\/v2\/media?parent=73573"}],"wp:term":[{"taxonomy":"category","embeddable":true,"href":"https:\/\/www.ilmercoledi.news\/ilmercoledi\/news\/wp-json\/wp\/v2\/categories?post=73573"},{"taxonomy":"post_tag","embeddable":true,"href":"https:\/\/www.ilmercoledi.news\/ilmercoledi\/news\/wp-json\/wp\/v2\/tags?post=73573"},{"taxonomy":"news-destination","embeddable":true,"href":"https:\/\/www.ilmercoledi.news\/ilmercoledi\/news\/wp-json\/wp\/v2\/news-destination?post=73573"},{"taxonomy":"news-source","embeddable":true,"href":"https:\/\/www.ilmercoledi.news\/ilmercoledi\/news\/wp-json\/wp\/v2\/news-source?post=73573"},{"taxonomy":"is_homepage","embeddable":true,"href":"https:\/\/www.ilmercoledi.news\/ilmercoledi\/news\/wp-json\/wp\/v2\/is_homepage?post=73573"},{"taxonomy":"ta_other","embeddable":true,"href":"https:\/\/www.ilmercoledi.news\/ilmercoledi\/news\/wp-json\/wp\/v2\/ta_other?post=73573"}],"curies":[{"name":"wp","href":"https:\/\/api.w.org\/{rel}","templated":true}]}}