{"id":73651,"date":"2025-04-15T07:17:43","date_gmt":"2025-04-15T05:17:43","guid":{"rendered":"https:\/\/euwps06.newsmemory.com\/ilmercoledi\/news\/2025\/04\/15\/referendum-come-si-vota-se-non-si-e-nella-citta-di-residenza\/"},"modified":"2025-04-15T07:17:48","modified_gmt":"2024-06-19T07:17:48","slug":"referendum-come-si-vota-se-non-si-e-nella-citta-di-residenza","status":"publish","type":"post","link":"https:\/\/www.ilmercoledi.news\/2025\/04\/15\/referendum-come-si-vota-se-non-si-e-nella-citta-di-residenza\/","title":{"rendered":"REFERENDUM &#8211; Come si vota se non si \u00e9 nella citt\u00e0 di residenza?"},"content":{"rendered":"<p>In occasione dei referendum popolari abrogativi su 5 quesiti in programma domenica 8 e luned\u00ec 9 giugno, gli elettori che &#8211; per motivi di studio, lavoro o cure mediche &#8211; si trovino in un comune di una provincia diversa da quella del comune di iscrizione elettorale per un periodo di almeno tre mesi nel quale ricade la data delle consultazioni referendarie, possono votare nel comune di temporaneo domicilio. Lo prevede l&#8217;articolo 2 del decreto-legge n.27\/2025, pubblicato sulla Gazzetta ufficiale, Serie generale, n.65 del 19 marzo 2025, che ne disciplina in via sperimentale le modalit\u00e0.<\/p>\n<p>&nbsp;<\/p>\n<p>Per poter esercitare il voto fuori sede, gli interessati, i cosiddetti elettori fuori sede, devono presentare domanda al comune di temporaneo domicilio utilizzando preferibilmente il modello disponibile online. Alla domanda, che pu\u00f2 essere presentata personalmente o da altra persona delegata oppure in via telematica, \u00e8 necessario allegare copia di un documento di riconoscimento in corso di validit\u00e0; copia della tessera elettorale personale; copia della certificazione o di altra documentazione che attesti la condizione d\u00ec elettore fuori sede, ovvero le motivazioni di studio, lavoro o cure mediche per le quali l&#8217;elettore si trova temporaneamente domiciliato in un comune di una provincia diversa da quella di residenza.<\/p>\n<p>&nbsp;<\/p>\n<p>La domanda di ammissione al voto fuori sede deve essere presentata entro il 4 maggio prossimo (35\u00b0 giorno antecedente la data della consultazione), e pu\u00f2 essere revocata con le stesse modalit\u00e0 entro il 25\u00b0 giorno antecedente la data della consultazione, ovvero il 14 maggio<\/p>\n","protected":false},"excerpt":{"rendered":"","protected":false},"author":11,"featured_media":24508,"comment_status":"open","ping_status":"closed","sticky":false,"template":"","format":"standard","meta":[],"categories":[34],"tags":[],"news-destination":[],"news-source":[],"is_homepage":[581],"ta_other":[],"_links":{"self":[{"href":"https:\/\/www.ilmercoledi.news\/ilmercoledi\/news\/wp-json\/wp\/v2\/posts\/73651"}],"collection":[{"href":"https:\/\/www.ilmercoledi.news\/ilmercoledi\/news\/wp-json\/wp\/v2\/posts"}],"about":[{"href":"https:\/\/www.ilmercoledi.news\/ilmercoledi\/news\/wp-json\/wp\/v2\/types\/post"}],"author":[{"embeddable":true,"href":"https:\/\/www.ilmercoledi.news\/ilmercoledi\/news\/wp-json\/wp\/v2\/users\/11"}],"replies":[{"embeddable":true,"href":"https:\/\/www.ilmercoledi.news\/ilmercoledi\/news\/wp-json\/wp\/v2\/comments?post=73651"}],"version-history":[{"count":0,"href":"https:\/\/www.ilmercoledi.news\/ilmercoledi\/news\/wp-json\/wp\/v2\/posts\/73651\/revisions"}],"wp:featuredmedia":[{"embeddable":true,"href":"https:\/\/www.ilmercoledi.news\/ilmercoledi\/news\/wp-json\/wp\/v2\/media\/24508"}],"wp:attachment":[{"href":"https:\/\/www.ilmercoledi.news\/ilmercoledi\/news\/wp-json\/wp\/v2\/media?parent=73651"}],"wp:term":[{"taxonomy":"category","embeddable":true,"href":"https:\/\/www.ilmercoledi.news\/ilmercoledi\/news\/wp-json\/wp\/v2\/categories?post=73651"},{"taxonomy":"post_tag","embeddable":true,"href":"https:\/\/www.ilmercoledi.news\/ilmercoledi\/news\/wp-json\/wp\/v2\/tags?post=73651"},{"taxonomy":"news-destination","embeddable":true,"href":"https:\/\/www.ilmercoledi.news\/ilmercoledi\/news\/wp-json\/wp\/v2\/news-destination?post=73651"},{"taxonomy":"news-source","embeddable":true,"href":"https:\/\/www.ilmercoledi.news\/ilmercoledi\/news\/wp-json\/wp\/v2\/news-source?post=73651"},{"taxonomy":"is_homepage","embeddable":true,"href":"https:\/\/www.ilmercoledi.news\/ilmercoledi\/news\/wp-json\/wp\/v2\/is_homepage?post=73651"},{"taxonomy":"ta_other","embeddable":true,"href":"https:\/\/www.ilmercoledi.news\/ilmercoledi\/news\/wp-json\/wp\/v2\/ta_other?post=73651"}],"curies":[{"name":"wp","href":"https:\/\/api.w.org\/{rel}","templated":true}]}}