{"id":73683,"date":"2025-04-16T06:17:13","date_gmt":"2025-04-16T04:17:13","guid":{"rendered":"https:\/\/euwps06.newsmemory.com\/ilmercoledi\/news\/2025\/04\/16\/carmagnola-restyling-al-comac-per-il-decennale\/"},"modified":"2025-04-16T06:17:16","modified_gmt":"2024-06-20T06:17:16","slug":"carmagnola-restyling-al-comac-per-il-decennale","status":"publish","type":"post","link":"https:\/\/www.ilmercoledi.news\/2025\/04\/16\/carmagnola-restyling-al-comac-per-il-decennale\/","title":{"rendered":"CARMAGNOLA &#8211; Restyling al Comac per il decennale"},"content":{"rendered":"<p>Per festeggiare il decennale del Comac i Marinai di Carmagnola hanno operato un profondo restyling ai locali, aiutandosi con tanti volontari giovani e veterani. Gli ultimi ritocchi di bianco li hanno dati con tanto divertimento i baby marinai, coetanei del laboratorio navale o di poco pi\u00f9 giovani. \u201cPer dare energia e simpatica al nostro Comac non potevano mancare i piccoli marinai &#8211; dice dall\u2019Anmi cittadina il presidente Giuseppe Di Giugno -. Insieme per festeggiare i primi dieci anni di questa splendida realt\u00e0, un fiore all\u2019occhiello di tutta la citt\u00e0. Con noi ci saranno anche i maestri d\u2019ascia Emilio Remogna e Michelangelo Grosso e tutti i membri del Comac\u201d.<\/p>\n<p>&nbsp;<\/p>\n<p>E gi\u00e0 venerd\u00ec 18 aprile sar\u00e0 ospite al Quadrato un maestro d\u2019ascia direttamente dalle Marche. Un evento nell\u2019evento.<\/p>\n","protected":false},"excerpt":{"rendered":"","protected":false},"author":11,"featured_media":73682,"comment_status":"open","ping_status":"closed","sticky":false,"template":"","format":"standard","meta":[],"categories":[8],"tags":[],"news-destination":[],"news-source":[],"is_homepage":[581],"ta_other":[],"_links":{"self":[{"href":"https:\/\/www.ilmercoledi.news\/ilmercoledi\/news\/wp-json\/wp\/v2\/posts\/73683"}],"collection":[{"href":"https:\/\/www.ilmercoledi.news\/ilmercoledi\/news\/wp-json\/wp\/v2\/posts"}],"about":[{"href":"https:\/\/www.ilmercoledi.news\/ilmercoledi\/news\/wp-json\/wp\/v2\/types\/post"}],"author":[{"embeddable":true,"href":"https:\/\/www.ilmercoledi.news\/ilmercoledi\/news\/wp-json\/wp\/v2\/users\/11"}],"replies":[{"embeddable":true,"href":"https:\/\/www.ilmercoledi.news\/ilmercoledi\/news\/wp-json\/wp\/v2\/comments?post=73683"}],"version-history":[{"count":0,"href":"https:\/\/www.ilmercoledi.news\/ilmercoledi\/news\/wp-json\/wp\/v2\/posts\/73683\/revisions"}],"wp:featuredmedia":[{"embeddable":true,"href":"https:\/\/www.ilmercoledi.news\/ilmercoledi\/news\/wp-json\/wp\/v2\/media\/73682"}],"wp:attachment":[{"href":"https:\/\/www.ilmercoledi.news\/ilmercoledi\/news\/wp-json\/wp\/v2\/media?parent=73683"}],"wp:term":[{"taxonomy":"category","embeddable":true,"href":"https:\/\/www.ilmercoledi.news\/ilmercoledi\/news\/wp-json\/wp\/v2\/categories?post=73683"},{"taxonomy":"post_tag","embeddable":true,"href":"https:\/\/www.ilmercoledi.news\/ilmercoledi\/news\/wp-json\/wp\/v2\/tags?post=73683"},{"taxonomy":"news-destination","embeddable":true,"href":"https:\/\/www.ilmercoledi.news\/ilmercoledi\/news\/wp-json\/wp\/v2\/news-destination?post=73683"},{"taxonomy":"news-source","embeddable":true,"href":"https:\/\/www.ilmercoledi.news\/ilmercoledi\/news\/wp-json\/wp\/v2\/news-source?post=73683"},{"taxonomy":"is_homepage","embeddable":true,"href":"https:\/\/www.ilmercoledi.news\/ilmercoledi\/news\/wp-json\/wp\/v2\/is_homepage?post=73683"},{"taxonomy":"ta_other","embeddable":true,"href":"https:\/\/www.ilmercoledi.news\/ilmercoledi\/news\/wp-json\/wp\/v2\/ta_other?post=73683"}],"curies":[{"name":"wp","href":"https:\/\/api.w.org\/{rel}","templated":true}]}}