{"id":73724,"date":"2025-04-21T08:07:29","date_gmt":"2025-04-21T06:07:29","guid":{"rendered":"https:\/\/euwps05.newsmemory.com\/ilmercoledi\/news\/2025\/04\/21\/citta-metropolitana-un-bando-per-la-sicurezza-stradale-del-terzo-settore\/"},"modified":"2025-04-21T08:07:52","modified_gmt":"2025-04-21T06:07:52","slug":"citta-metropolitana-un-bando-per-la-sicurezza-stradale-del-terzo-settore","status":"publish","type":"post","link":"https:\/\/www.ilmercoledi.news\/2025\/04\/21\/citta-metropolitana-un-bando-per-la-sicurezza-stradale-del-terzo-settore\/","title":{"rendered":"CITT\u00c0 METROPOLITANA &#8211; Un bando per la sicurezza stradale del Terzo Settore"},"content":{"rendered":"<p>Giovani e guida sicura: contributi per progetti di formazione teorico-pratica; un bando della Citt\u00e0 metropolitana di Torino rivolto al Terzo Settore<\/p>\n<p>Promuovere la sicurezza stradale tra i pi\u00f9 giovani e farlo attraverso il coinvolgimento diretto delle realt\u00e0 del Terzo Settore: \u00e8 questo l\u2019obiettivo dell\u2019avviso pubblico lanciato dalla Citt\u00e0 metropolitana di Torino per sostenere un progetto di formazione teorico-pratica sulla guida sicura.<\/p>\n<p>Il bando \u00e8 rivolto ad associazioni, enti e organizzazioni del Terzo Settore attive sul territorio metropolitano, chiamate a proporre percorsi formativi innovativi e coinvolgenti dedicati alla popolazione giovanile.<\/p>\n<p>Nel dettaglio, il progetto dovr\u00e0 prevedere:<\/p>\n<p>una parte teorica con focus su prevenzione dell\u2019incidentalit\u00e0, rischi legati all\u2019uso di smartphone e sostanze durante la guida, funzionamento dei dispositivi di sicurezza e nozioni di primo soccorso;<\/p>\n<p>una lezione pratica con simulazioni di situazioni critiche come frenata d\u2019emergenza, ostacoli improvvisi, sottosterzo e sovrasterzo, anche in condizioni meteo avverse;<\/p>\n<p>un\u2019esercitazione di primissimo soccorso.<\/p>\n<p>L\u2019iniziativa dovr\u00e0 coinvolgere almeno 300 giovani residenti nei Comuni della Citt\u00e0 metropolitana e sar\u00e0 interamente coperta da assicurazione.<\/p>\n<p>Il progetto finanziato dovr\u00e0 concludersi e essere rendicontato entro il 31 ottobre 2025.<\/p>\n<p>Le candidature vanno inviate entro le ore 12.00 di luned\u00ec 28 aprile 2025. Non saranno ammesse domande oltre il termine indicato.<\/p>\n<p>Con questa misura, la Citt\u00e0 metropolitana conferma il proprio impegno per la prevenzione e l\u2019educazione stradale, affidandosi alla rete del Terzo Settore per costruire esperienze formative di qualit\u00e0, vicine ai linguaggi e alle esigenze delle nuove generazioni.<\/p>\n<p>Tutta la documentazione dell\u2019avviso \u00e8 disponibile al link http:\/\/www.cittametropolitana.torino.it\/cms\/politiche-sociali\/politiche-giovanili\/bandi-giovani<\/p>\n","protected":false},"excerpt":{"rendered":"","protected":false},"author":11,"featured_media":10400,"comment_status":"open","ping_status":"closed","sticky":false,"template":"","format":"standard","meta":[],"categories":[34],"tags":[],"news-destination":[],"news-source":[],"is_homepage":[581],"ta_other":[],"_links":{"self":[{"href":"https:\/\/www.ilmercoledi.news\/ilmercoledi\/news\/wp-json\/wp\/v2\/posts\/73724"}],"collection":[{"href":"https:\/\/www.ilmercoledi.news\/ilmercoledi\/news\/wp-json\/wp\/v2\/posts"}],"about":[{"href":"https:\/\/www.ilmercoledi.news\/ilmercoledi\/news\/wp-json\/wp\/v2\/types\/post"}],"author":[{"embeddable":true,"href":"https:\/\/www.ilmercoledi.news\/ilmercoledi\/news\/wp-json\/wp\/v2\/users\/11"}],"replies":[{"embeddable":true,"href":"https:\/\/www.ilmercoledi.news\/ilmercoledi\/news\/wp-json\/wp\/v2\/comments?post=73724"}],"version-history":[{"count":0,"href":"https:\/\/www.ilmercoledi.news\/ilmercoledi\/news\/wp-json\/wp\/v2\/posts\/73724\/revisions"}],"wp:featuredmedia":[{"embeddable":true,"href":"https:\/\/www.ilmercoledi.news\/ilmercoledi\/news\/wp-json\/wp\/v2\/media\/10400"}],"wp:attachment":[{"href":"https:\/\/www.ilmercoledi.news\/ilmercoledi\/news\/wp-json\/wp\/v2\/media?parent=73724"}],"wp:term":[{"taxonomy":"category","embeddable":true,"href":"https:\/\/www.ilmercoledi.news\/ilmercoledi\/news\/wp-json\/wp\/v2\/categories?post=73724"},{"taxonomy":"post_tag","embeddable":true,"href":"https:\/\/www.ilmercoledi.news\/ilmercoledi\/news\/wp-json\/wp\/v2\/tags?post=73724"},{"taxonomy":"news-destination","embeddable":true,"href":"https:\/\/www.ilmercoledi.news\/ilmercoledi\/news\/wp-json\/wp\/v2\/news-destination?post=73724"},{"taxonomy":"news-source","embeddable":true,"href":"https:\/\/www.ilmercoledi.news\/ilmercoledi\/news\/wp-json\/wp\/v2\/news-source?post=73724"},{"taxonomy":"is_homepage","embeddable":true,"href":"https:\/\/www.ilmercoledi.news\/ilmercoledi\/news\/wp-json\/wp\/v2\/is_homepage?post=73724"},{"taxonomy":"ta_other","embeddable":true,"href":"https:\/\/www.ilmercoledi.news\/ilmercoledi\/news\/wp-json\/wp\/v2\/ta_other?post=73724"}],"curies":[{"name":"wp","href":"https:\/\/api.w.org\/{rel}","templated":true}]}}