{"id":73782,"date":"2025-04-23T18:39:11","date_gmt":"2025-04-23T16:39:11","guid":{"rendered":"https:\/\/euwps05.newsmemory.com\/ilmercoledi\/news\/2025\/04\/23\/maggio-carmagnola-don-lorens-ant-ij-pastiss-sono-iniziate-le-prevendite\/"},"modified":"2025-04-30T12:43:54","modified_gmt":"2025-04-30T10:43:54","slug":"maggio-carmagnola-don-lorens-ant-ij-pastiss-sono-iniziate-le-prevendite","status":"publish","type":"post","link":"https:\/\/www.ilmercoledi.news\/2025\/04\/23\/maggio-carmagnola-don-lorens-ant-ij-pastiss-sono-iniziate-le-prevendite\/","title":{"rendered":"TEATRO &#8211; A maggio a Carmagnola \u201cDon Lorens ant ij pastiss!\u201d &#8211; Sono iniziate le prevendite"},"content":{"rendered":"<p>Per gli amanti della risata, <strong>\u201cDon Lorens ant ij pastiss!\u201d<\/strong> \u00e8 la commedia in tre atti di Carlo Artuffo che verr\u00e0 rappresentata dal <strong>Gruppo Teatro Carmagnola venerd\u00ec 9 maggio ore 21,15, sabato 10 maggio alle 15 e domenica 11 maggio alle 15 al Teatro Elios di Carmagnola (piazza Verdi 4)<\/strong>.<\/p>\n<p>Proprio in questi giorni \u00e8 iniziata la <strong>prevendita<\/strong> per un&#8217;opera che \u201c\u00e8 garanzia di divertimento e simpatia\u201d, dicono dal GTC, da oltre cinquant&#8217;anni sulle scene con spettacoli e collaborazioni a eventi culturali di successo. <strong>Info e biglietti disponibili a partire da marted\u00ec 22 aprile presso Magic Moment Bomboniere: via Valobra 144, tel. 011.9723570.<\/strong><\/p>\n<p>Gi\u00e0 inscenata dal GTC nel 1972 e successivamente nel 2003, questo \u00e8 il terzo adattamento \u2014 a cura di <strong>Francesco Rizzati<\/strong>, che \u00e8 anche il regista \u2014 della bella opera di Artuffo. Tra la cascina del litigioso capostipite Capl\u00e8t e la casa parrocchiale, per Don Lorens la cura delle anime \u00e8 tutt\u2019altro che semplice: capi famiglia in perenne lite, innamorati furtivi e ostinati, collaboratori e fedeli strampalati fanno alzare continuamente la pressione al povero parroco.<\/p>\n<p>Spiegano dal GTC: \u201cTorniamo in scena con una commedia eredit\u00e0 di Carlo Artuffo, che ha saputo amalgamare sapientemente in questo testo elementi di due capolavori: \u00abRomeo e Giulietta\u00bb di Shakespeare, con i relativi Montecchi e Capuleti (Monti\u00e0 e Capl\u00e8t) ed \u00abI Promessi Sposi\u00bb del Manzoni, di cui si evoca la simpatica figura di Don Abbondio, rappresentato da Don Lorens\u201d.<\/p>\n<p>La commedia porta anche alcune novit\u00e0. La prima riguarda la compagnia: \u201cQuesto lavoro segna l&#8217;esordio con noi di <strong>due nuovi attori<\/strong> ed \u00e8 frutto della collaborazione di abili componenti del Gruppo Teatro Carmagnola impegnati nella realizzazione dei costumi e della scenografia\u201d. Inoltre, la recitazione <strong>in piemontese<\/strong> lascia spazio anche a parti<strong> in italiano<\/strong>, cos\u00ec da aggiunge alla spontanea simpatia della lingua regionale un tocco contemporaneo per un pubblico di tutte le et\u00e0.<\/p>\n<p>&nbsp;<\/p>\n","protected":false},"excerpt":{"rendered":"","protected":false},"author":4,"featured_media":73781,"comment_status":"open","ping_status":"closed","sticky":false,"template":"","format":"standard","meta":[],"categories":[9],"tags":[],"news-destination":[],"news-source":[],"is_homepage":[581],"ta_other":[],"_links":{"self":[{"href":"https:\/\/www.ilmercoledi.news\/ilmercoledi\/news\/wp-json\/wp\/v2\/posts\/73782"}],"collection":[{"href":"https:\/\/www.ilmercoledi.news\/ilmercoledi\/news\/wp-json\/wp\/v2\/posts"}],"about":[{"href":"https:\/\/www.ilmercoledi.news\/ilmercoledi\/news\/wp-json\/wp\/v2\/types\/post"}],"author":[{"embeddable":true,"href":"https:\/\/www.ilmercoledi.news\/ilmercoledi\/news\/wp-json\/wp\/v2\/users\/4"}],"replies":[{"embeddable":true,"href":"https:\/\/www.ilmercoledi.news\/ilmercoledi\/news\/wp-json\/wp\/v2\/comments?post=73782"}],"version-history":[{"count":1,"href":"https:\/\/www.ilmercoledi.news\/ilmercoledi\/news\/wp-json\/wp\/v2\/posts\/73782\/revisions"}],"predecessor-version":[{"id":73783,"href":"https:\/\/www.ilmercoledi.news\/ilmercoledi\/news\/wp-json\/wp\/v2\/posts\/73782\/revisions\/73783"}],"wp:featuredmedia":[{"embeddable":true,"href":"https:\/\/www.ilmercoledi.news\/ilmercoledi\/news\/wp-json\/wp\/v2\/media\/73781"}],"wp:attachment":[{"href":"https:\/\/www.ilmercoledi.news\/ilmercoledi\/news\/wp-json\/wp\/v2\/media?parent=73782"}],"wp:term":[{"taxonomy":"category","embeddable":true,"href":"https:\/\/www.ilmercoledi.news\/ilmercoledi\/news\/wp-json\/wp\/v2\/categories?post=73782"},{"taxonomy":"post_tag","embeddable":true,"href":"https:\/\/www.ilmercoledi.news\/ilmercoledi\/news\/wp-json\/wp\/v2\/tags?post=73782"},{"taxonomy":"news-destination","embeddable":true,"href":"https:\/\/www.ilmercoledi.news\/ilmercoledi\/news\/wp-json\/wp\/v2\/news-destination?post=73782"},{"taxonomy":"news-source","embeddable":true,"href":"https:\/\/www.ilmercoledi.news\/ilmercoledi\/news\/wp-json\/wp\/v2\/news-source?post=73782"},{"taxonomy":"is_homepage","embeddable":true,"href":"https:\/\/www.ilmercoledi.news\/ilmercoledi\/news\/wp-json\/wp\/v2\/is_homepage?post=73782"},{"taxonomy":"ta_other","embeddable":true,"href":"https:\/\/www.ilmercoledi.news\/ilmercoledi\/news\/wp-json\/wp\/v2\/ta_other?post=73782"}],"curies":[{"name":"wp","href":"https:\/\/api.w.org\/{rel}","templated":true}]}}