{"id":73902,"date":"2025-04-30T21:09:38","date_gmt":"2025-04-30T19:09:38","guid":{"rendered":"https:\/\/euwps05.newsmemory.com\/ilmercoledi\/news\/2025\/04\/30\/moncalieri-un-accordo-di-collaborazione-con-asl-per-sostenere-chi-non-riesce-provvedere-se-stesso\/"},"modified":"2025-04-30T21:11:10","modified_gmt":"2025-04-30T19:11:10","slug":"moncalieri-un-accordo-di-collaborazione-con-asl-per-sostenere-chi-non-riesce-provvedere-se-stesso","status":"publish","type":"post","link":"https:\/\/www.ilmercoledi.news\/2025\/04\/30\/moncalieri-un-accordo-di-collaborazione-con-asl-per-sostenere-chi-non-riesce-provvedere-se-stesso\/","title":{"rendered":"MONCALIERI &#8211; Un accordo di collaborazione con Asl per sostenere chi non riesce a provvedere a s\u00e9 stesso"},"content":{"rendered":"<p>Un accordo di Collaborazione tra l\u2019Azienda Sanitaria locale TO5 e il comune di Moncalieri per l\u2019assistenza alla popolazione in situazioni di emergenza di protezione civile. Una decisione in base alla direttiva del Presidente del Consiglio dei ministri del 7 gennaio 2019.<\/p>\n<p>Determinate situazioni richiedono, gia&#8217; in ordinario, specifica assistenza socio-sanitaria, sia i soggetti che presentano debolezze fisiche, psichiche e sociali che, in caso di evento e conseguente sconvolgimento del contesto sociale, perdano la capacita&#8217;, posseduta in condizioni ordinarie,di provvedere autonomamente alle proprie necessit\u00e0. L&#8217;accordo si inserisce per aiutare chi \u00e9 in difficolt\u00e0 su questo fronte.<\/p>\n","protected":false},"excerpt":{"rendered":"","protected":false},"author":11,"featured_media":20850,"comment_status":"open","ping_status":"closed","sticky":false,"template":"","format":"standard","meta":[],"categories":[8],"tags":[],"news-destination":[],"news-source":[],"is_homepage":[581],"ta_other":[],"_links":{"self":[{"href":"https:\/\/www.ilmercoledi.news\/ilmercoledi\/news\/wp-json\/wp\/v2\/posts\/73902"}],"collection":[{"href":"https:\/\/www.ilmercoledi.news\/ilmercoledi\/news\/wp-json\/wp\/v2\/posts"}],"about":[{"href":"https:\/\/www.ilmercoledi.news\/ilmercoledi\/news\/wp-json\/wp\/v2\/types\/post"}],"author":[{"embeddable":true,"href":"https:\/\/www.ilmercoledi.news\/ilmercoledi\/news\/wp-json\/wp\/v2\/users\/11"}],"replies":[{"embeddable":true,"href":"https:\/\/www.ilmercoledi.news\/ilmercoledi\/news\/wp-json\/wp\/v2\/comments?post=73902"}],"version-history":[{"count":1,"href":"https:\/\/www.ilmercoledi.news\/ilmercoledi\/news\/wp-json\/wp\/v2\/posts\/73902\/revisions"}],"predecessor-version":[{"id":73903,"href":"https:\/\/www.ilmercoledi.news\/ilmercoledi\/news\/wp-json\/wp\/v2\/posts\/73902\/revisions\/73903"}],"wp:featuredmedia":[{"embeddable":true,"href":"https:\/\/www.ilmercoledi.news\/ilmercoledi\/news\/wp-json\/wp\/v2\/media\/20850"}],"wp:attachment":[{"href":"https:\/\/www.ilmercoledi.news\/ilmercoledi\/news\/wp-json\/wp\/v2\/media?parent=73902"}],"wp:term":[{"taxonomy":"category","embeddable":true,"href":"https:\/\/www.ilmercoledi.news\/ilmercoledi\/news\/wp-json\/wp\/v2\/categories?post=73902"},{"taxonomy":"post_tag","embeddable":true,"href":"https:\/\/www.ilmercoledi.news\/ilmercoledi\/news\/wp-json\/wp\/v2\/tags?post=73902"},{"taxonomy":"news-destination","embeddable":true,"href":"https:\/\/www.ilmercoledi.news\/ilmercoledi\/news\/wp-json\/wp\/v2\/news-destination?post=73902"},{"taxonomy":"news-source","embeddable":true,"href":"https:\/\/www.ilmercoledi.news\/ilmercoledi\/news\/wp-json\/wp\/v2\/news-source?post=73902"},{"taxonomy":"is_homepage","embeddable":true,"href":"https:\/\/www.ilmercoledi.news\/ilmercoledi\/news\/wp-json\/wp\/v2\/is_homepage?post=73902"},{"taxonomy":"ta_other","embeddable":true,"href":"https:\/\/www.ilmercoledi.news\/ilmercoledi\/news\/wp-json\/wp\/v2\/ta_other?post=73902"}],"curies":[{"name":"wp","href":"https:\/\/api.w.org\/{rel}","templated":true}]}}