{"id":73984,"date":"2025-05-05T21:15:11","date_gmt":"2025-05-05T19:15:11","guid":{"rendered":"https:\/\/euwps06.newsmemory.com\/ilmercoledi\/news\/2025\/05\/05\/regione-approvato-il-piano-triennale-per-le-politiche-giovanili\/"},"modified":"2025-05-06T07:06:20","modified_gmt":"2024-07-10T07:06:20","slug":"regione-approvato-il-piano-triennale-per-le-politiche-giovanili","status":"publish","type":"post","link":"https:\/\/www.ilmercoledi.news\/2025\/05\/05\/regione-approvato-il-piano-triennale-per-le-politiche-giovanili\/","title":{"rendered":"REGIONE &#8211; Approvato il piano triennale per le politiche giovanili"},"content":{"rendered":"<p>Con un investimento complessivo di 4,8 milioni di euro il Consiglio Regionale ha approvato il Piano triennale per le politiche giovanili.<\/p>\n<p>La misura finanzier\u00e0 almeno 90 progetti di inclusione sociale rivolti a circa 1.800 giovani. I progetti mirano a favorire la partecipazione attiva, l&#8217;inserimento lavorativo, la promozione di corretti stili di vita, l\u2019attivit\u00e0 sportiva e la tutela ambientale. Sar\u00e0 importante un adeguato supporto alle realt\u00e0 pi\u00f9 isolate e a rischio marginalit\u00e0.<\/p>\n<p>Sono stati inoltre approvati all&#8217;unanimit\u00e0 tre ordini del giorno dell&#8217;opposizione per istituire il Registro delle Associazioni giovanili piemontesi e valorizzare la partecipazione di Consulte studentesche e giovanili.<\/p>\n","protected":false},"excerpt":{"rendered":"","protected":false},"author":11,"featured_media":69617,"comment_status":"open","ping_status":"closed","sticky":false,"template":"","format":"standard","meta":[],"categories":[8],"tags":[],"news-destination":[],"news-source":[],"is_homepage":[581],"ta_other":[],"_links":{"self":[{"href":"https:\/\/www.ilmercoledi.news\/ilmercoledi\/news\/wp-json\/wp\/v2\/posts\/73984"}],"collection":[{"href":"https:\/\/www.ilmercoledi.news\/ilmercoledi\/news\/wp-json\/wp\/v2\/posts"}],"about":[{"href":"https:\/\/www.ilmercoledi.news\/ilmercoledi\/news\/wp-json\/wp\/v2\/types\/post"}],"author":[{"embeddable":true,"href":"https:\/\/www.ilmercoledi.news\/ilmercoledi\/news\/wp-json\/wp\/v2\/users\/11"}],"replies":[{"embeddable":true,"href":"https:\/\/www.ilmercoledi.news\/ilmercoledi\/news\/wp-json\/wp\/v2\/comments?post=73984"}],"version-history":[{"count":1,"href":"https:\/\/www.ilmercoledi.news\/ilmercoledi\/news\/wp-json\/wp\/v2\/posts\/73984\/revisions"}],"predecessor-version":[{"id":73985,"href":"https:\/\/www.ilmercoledi.news\/ilmercoledi\/news\/wp-json\/wp\/v2\/posts\/73984\/revisions\/73985"}],"wp:featuredmedia":[{"embeddable":true,"href":"https:\/\/www.ilmercoledi.news\/ilmercoledi\/news\/wp-json\/wp\/v2\/media\/69617"}],"wp:attachment":[{"href":"https:\/\/www.ilmercoledi.news\/ilmercoledi\/news\/wp-json\/wp\/v2\/media?parent=73984"}],"wp:term":[{"taxonomy":"category","embeddable":true,"href":"https:\/\/www.ilmercoledi.news\/ilmercoledi\/news\/wp-json\/wp\/v2\/categories?post=73984"},{"taxonomy":"post_tag","embeddable":true,"href":"https:\/\/www.ilmercoledi.news\/ilmercoledi\/news\/wp-json\/wp\/v2\/tags?post=73984"},{"taxonomy":"news-destination","embeddable":true,"href":"https:\/\/www.ilmercoledi.news\/ilmercoledi\/news\/wp-json\/wp\/v2\/news-destination?post=73984"},{"taxonomy":"news-source","embeddable":true,"href":"https:\/\/www.ilmercoledi.news\/ilmercoledi\/news\/wp-json\/wp\/v2\/news-source?post=73984"},{"taxonomy":"is_homepage","embeddable":true,"href":"https:\/\/www.ilmercoledi.news\/ilmercoledi\/news\/wp-json\/wp\/v2\/is_homepage?post=73984"},{"taxonomy":"ta_other","embeddable":true,"href":"https:\/\/www.ilmercoledi.news\/ilmercoledi\/news\/wp-json\/wp\/v2\/ta_other?post=73984"}],"curies":[{"name":"wp","href":"https:\/\/api.w.org\/{rel}","templated":true}]}}