{"id":74003,"date":"2025-05-06T07:27:34","date_gmt":"2025-05-06T05:27:34","guid":{"rendered":"https:\/\/euwps06.newsmemory.com\/ilmercoledi\/news\/2025\/05\/06\/carmagnola-lauser-incontra-gli-studenti-del-baldessano-roccati\/"},"modified":"2025-05-06T07:27:36","modified_gmt":"2024-07-10T07:27:36","slug":"carmagnola-lauser-incontra-gli-studenti-del-baldessano-roccati","status":"publish","type":"post","link":"https:\/\/www.ilmercoledi.news\/2025\/05\/06\/carmagnola-lauser-incontra-gli-studenti-del-baldessano-roccati\/","title":{"rendered":"CARMAGNOLA &#8211; L&#8217;Auser incontra gli studenti del Baldessano Roccati"},"content":{"rendered":"<p>I volontari dell&#8217;Auser di Carmagnola hanno incontrato a fine aprile gli studenti del Baldessano Roccati. L\u2019obiettivo \u00e8 quello di mettere a coscienza che il mondo del volontariato \u00e8 un modo per mettersi in gioco per aiutare le persone pi\u00f9 fragili e dare una mano a persone bisognose. Oggi pi\u00f9 che mai, visto la carenza di servizi per le politiche sociali, le Associazioni di volontariato sopperiscono a queste anomalie.<\/p>\n<p>&#8220;Siamo sicuri che l\u2019informazione all\u2019interno della scuola, sia un modo per mettere in evidenza il Volontariato e un momento di aggregazione sociale per gli studenti. L\u2019esperienza fatta il 23 aprile 2025 non debba finire solo quel giorno, ma che sia una esperienza continuativa. Come Associazione siamo ben lieti di essere ospitati e dare un piccolo contributo alla societ\u00e0&#8221;, spiegano dall&#8217;Associazione.<\/p>\n","protected":false},"excerpt":{"rendered":"","protected":false},"author":11,"featured_media":11816,"comment_status":"open","ping_status":"closed","sticky":false,"template":"","format":"standard","meta":[],"categories":[8],"tags":[],"news-destination":[],"news-source":[],"is_homepage":[581],"ta_other":[],"_links":{"self":[{"href":"https:\/\/www.ilmercoledi.news\/ilmercoledi\/news\/wp-json\/wp\/v2\/posts\/74003"}],"collection":[{"href":"https:\/\/www.ilmercoledi.news\/ilmercoledi\/news\/wp-json\/wp\/v2\/posts"}],"about":[{"href":"https:\/\/www.ilmercoledi.news\/ilmercoledi\/news\/wp-json\/wp\/v2\/types\/post"}],"author":[{"embeddable":true,"href":"https:\/\/www.ilmercoledi.news\/ilmercoledi\/news\/wp-json\/wp\/v2\/users\/11"}],"replies":[{"embeddable":true,"href":"https:\/\/www.ilmercoledi.news\/ilmercoledi\/news\/wp-json\/wp\/v2\/comments?post=74003"}],"version-history":[{"count":0,"href":"https:\/\/www.ilmercoledi.news\/ilmercoledi\/news\/wp-json\/wp\/v2\/posts\/74003\/revisions"}],"wp:featuredmedia":[{"embeddable":true,"href":"https:\/\/www.ilmercoledi.news\/ilmercoledi\/news\/wp-json\/wp\/v2\/media\/11816"}],"wp:attachment":[{"href":"https:\/\/www.ilmercoledi.news\/ilmercoledi\/news\/wp-json\/wp\/v2\/media?parent=74003"}],"wp:term":[{"taxonomy":"category","embeddable":true,"href":"https:\/\/www.ilmercoledi.news\/ilmercoledi\/news\/wp-json\/wp\/v2\/categories?post=74003"},{"taxonomy":"post_tag","embeddable":true,"href":"https:\/\/www.ilmercoledi.news\/ilmercoledi\/news\/wp-json\/wp\/v2\/tags?post=74003"},{"taxonomy":"news-destination","embeddable":true,"href":"https:\/\/www.ilmercoledi.news\/ilmercoledi\/news\/wp-json\/wp\/v2\/news-destination?post=74003"},{"taxonomy":"news-source","embeddable":true,"href":"https:\/\/www.ilmercoledi.news\/ilmercoledi\/news\/wp-json\/wp\/v2\/news-source?post=74003"},{"taxonomy":"is_homepage","embeddable":true,"href":"https:\/\/www.ilmercoledi.news\/ilmercoledi\/news\/wp-json\/wp\/v2\/is_homepage?post=74003"},{"taxonomy":"ta_other","embeddable":true,"href":"https:\/\/www.ilmercoledi.news\/ilmercoledi\/news\/wp-json\/wp\/v2\/ta_other?post=74003"}],"curies":[{"name":"wp","href":"https:\/\/api.w.org\/{rel}","templated":true}]}}