{"id":74004,"date":"2025-05-06T07:30:29","date_gmt":"2025-05-06T05:30:29","guid":{"rendered":"https:\/\/euwps06.newsmemory.com\/ilmercoledi\/news\/2025\/05\/06\/moncalieri-convegno-sullinclusione-al-pininfarina-20250506-0530-294476\/"},"modified":"2025-05-06T07:30:32","modified_gmt":"2024-07-10T07:30:32","slug":"moncalieri-convegno-sullinclusione-al-pininfarina-20250506-0530-294476","status":"publish","type":"post","link":"https:\/\/www.ilmercoledi.news\/2025\/05\/06\/moncalieri-convegno-sullinclusione-al-pininfarina-20250506-0530-294476\/","title":{"rendered":"MONCALIERI &#8211; Convegno sull&#8217;inclusione al Pininfarina"},"content":{"rendered":"<p>Il 16 maggio all&#8217;istituto Pininfarina di Moncalieri, verr\u00e0 organizzato un convegno sulla diversit\u00e0 e sull&#8217;inclusione dedicato a dirigenti, insegnanti, educatori, famiglie e tutti coloro che desiderano una societ\u00e0 pi\u00f9 inclusiva e cercano di lavorare per questo obiettivo. Si tratta del quarto convegno nazionale di questo tema \u00e8 l&#8217;appuntamento di Moncalieri \u00e9 gratuito.<\/p>\n","protected":false},"excerpt":{"rendered":"","protected":false},"author":11,"featured_media":62179,"comment_status":"open","ping_status":"closed","sticky":false,"template":"","format":"standard","meta":[],"categories":[8],"tags":[],"news-destination":[],"news-source":[],"is_homepage":[581],"ta_other":[],"_links":{"self":[{"href":"https:\/\/www.ilmercoledi.news\/ilmercoledi\/news\/wp-json\/wp\/v2\/posts\/74004"}],"collection":[{"href":"https:\/\/www.ilmercoledi.news\/ilmercoledi\/news\/wp-json\/wp\/v2\/posts"}],"about":[{"href":"https:\/\/www.ilmercoledi.news\/ilmercoledi\/news\/wp-json\/wp\/v2\/types\/post"}],"author":[{"embeddable":true,"href":"https:\/\/www.ilmercoledi.news\/ilmercoledi\/news\/wp-json\/wp\/v2\/users\/11"}],"replies":[{"embeddable":true,"href":"https:\/\/www.ilmercoledi.news\/ilmercoledi\/news\/wp-json\/wp\/v2\/comments?post=74004"}],"version-history":[{"count":0,"href":"https:\/\/www.ilmercoledi.news\/ilmercoledi\/news\/wp-json\/wp\/v2\/posts\/74004\/revisions"}],"wp:featuredmedia":[{"embeddable":true,"href":"https:\/\/www.ilmercoledi.news\/ilmercoledi\/news\/wp-json\/wp\/v2\/media\/62179"}],"wp:attachment":[{"href":"https:\/\/www.ilmercoledi.news\/ilmercoledi\/news\/wp-json\/wp\/v2\/media?parent=74004"}],"wp:term":[{"taxonomy":"category","embeddable":true,"href":"https:\/\/www.ilmercoledi.news\/ilmercoledi\/news\/wp-json\/wp\/v2\/categories?post=74004"},{"taxonomy":"post_tag","embeddable":true,"href":"https:\/\/www.ilmercoledi.news\/ilmercoledi\/news\/wp-json\/wp\/v2\/tags?post=74004"},{"taxonomy":"news-destination","embeddable":true,"href":"https:\/\/www.ilmercoledi.news\/ilmercoledi\/news\/wp-json\/wp\/v2\/news-destination?post=74004"},{"taxonomy":"news-source","embeddable":true,"href":"https:\/\/www.ilmercoledi.news\/ilmercoledi\/news\/wp-json\/wp\/v2\/news-source?post=74004"},{"taxonomy":"is_homepage","embeddable":true,"href":"https:\/\/www.ilmercoledi.news\/ilmercoledi\/news\/wp-json\/wp\/v2\/is_homepage?post=74004"},{"taxonomy":"ta_other","embeddable":true,"href":"https:\/\/www.ilmercoledi.news\/ilmercoledi\/news\/wp-json\/wp\/v2\/ta_other?post=74004"}],"curies":[{"name":"wp","href":"https:\/\/api.w.org\/{rel}","templated":true}]}}