{"id":7418,"date":"2018-06-22T15:21:07","date_gmt":"2018-06-22T13:21:07","guid":{"rendered":"http:\/\/euwps02.tecnavia.com\/ilmercoledi\/news\/?p=7418"},"modified":"2018-06-22T15:21:09","modified_gmt":"2018-06-22T13:21:09","slug":"moncalieri-pomeriggio-biblioteca-parlare-della-collezione-del-real-collegio","status":"publish","type":"post","link":"https:\/\/www.ilmercoledi.news\/2018\/06\/22\/moncalieri-pomeriggio-biblioteca-parlare-della-collezione-del-real-collegio\/","title":{"rendered":"MONCALIERI &#8211; Pomeriggio in biblioteca per parlare della collezione del Real Collegio"},"content":{"rendered":"<p>Continua il cammino attraverso la storia e le storie di Moncalieri e del suo territorio, tramite incontri frutto di una proficua collaborazione tra l\u2019Assessorato alla Cultura della Citt\u00e0 di Moncalieri, la Biblioteca civica \u201cA. Arduino\u201d e il Centro Studi Piemontesi-Ca d\u00eb Studi Piemont\u00e8is di Torino. Per aprire nuovi \u201cSguardi\u201d, volti ad approfondire i temi per \u201cscrivere\u201d una Storia della Citt\u00e0. Mercoled\u00ec 27 giugno alle 17,30 presso la biblioteca, si parler\u00e0 del patrimonio della collezione archeologica del Real Collegio, con la presenza di Mario Busatto,\u00a0Direttore Organizzativo del Gruppo Archeologico Torinese che organizza ogni secondo sabato del mese una visita gratuita alla collezione<\/p>\n","protected":false},"excerpt":{"rendered":"","protected":false},"author":11,"featured_media":6585,"comment_status":"open","ping_status":"closed","sticky":false,"template":"","format":"standard","meta":[],"categories":[34],"tags":[],"news-destination":[],"news-source":[],"is_homepage":[],"ta_other":[],"_links":{"self":[{"href":"https:\/\/www.ilmercoledi.news\/ilmercoledi\/news\/wp-json\/wp\/v2\/posts\/7418"}],"collection":[{"href":"https:\/\/www.ilmercoledi.news\/ilmercoledi\/news\/wp-json\/wp\/v2\/posts"}],"about":[{"href":"https:\/\/www.ilmercoledi.news\/ilmercoledi\/news\/wp-json\/wp\/v2\/types\/post"}],"author":[{"embeddable":true,"href":"https:\/\/www.ilmercoledi.news\/ilmercoledi\/news\/wp-json\/wp\/v2\/users\/11"}],"replies":[{"embeddable":true,"href":"https:\/\/www.ilmercoledi.news\/ilmercoledi\/news\/wp-json\/wp\/v2\/comments?post=7418"}],"version-history":[{"count":1,"href":"https:\/\/www.ilmercoledi.news\/ilmercoledi\/news\/wp-json\/wp\/v2\/posts\/7418\/revisions"}],"predecessor-version":[{"id":7419,"href":"https:\/\/www.ilmercoledi.news\/ilmercoledi\/news\/wp-json\/wp\/v2\/posts\/7418\/revisions\/7419"}],"wp:featuredmedia":[{"embeddable":true,"href":"https:\/\/www.ilmercoledi.news\/ilmercoledi\/news\/wp-json\/wp\/v2\/media\/6585"}],"wp:attachment":[{"href":"https:\/\/www.ilmercoledi.news\/ilmercoledi\/news\/wp-json\/wp\/v2\/media?parent=7418"}],"wp:term":[{"taxonomy":"category","embeddable":true,"href":"https:\/\/www.ilmercoledi.news\/ilmercoledi\/news\/wp-json\/wp\/v2\/categories?post=7418"},{"taxonomy":"post_tag","embeddable":true,"href":"https:\/\/www.ilmercoledi.news\/ilmercoledi\/news\/wp-json\/wp\/v2\/tags?post=7418"},{"taxonomy":"news-destination","embeddable":true,"href":"https:\/\/www.ilmercoledi.news\/ilmercoledi\/news\/wp-json\/wp\/v2\/news-destination?post=7418"},{"taxonomy":"news-source","embeddable":true,"href":"https:\/\/www.ilmercoledi.news\/ilmercoledi\/news\/wp-json\/wp\/v2\/news-source?post=7418"},{"taxonomy":"is_homepage","embeddable":true,"href":"https:\/\/www.ilmercoledi.news\/ilmercoledi\/news\/wp-json\/wp\/v2\/is_homepage?post=7418"},{"taxonomy":"ta_other","embeddable":true,"href":"https:\/\/www.ilmercoledi.news\/ilmercoledi\/news\/wp-json\/wp\/v2\/ta_other?post=7418"}],"curies":[{"name":"wp","href":"https:\/\/api.w.org\/{rel}","templated":true}]}}