{"id":74506,"date":"2025-06-04T07:02:28","date_gmt":"2025-06-04T05:02:28","guid":{"rendered":"https:\/\/euwps06.newsmemory.com\/ilmercoledi\/news\/2025\/06\/04\/moncalieri-presentazione-di-piazza-ragazzabile\/"},"modified":"2025-06-04T07:02:31","modified_gmt":"2024-08-08T07:02:31","slug":"moncalieri-presentazione-di-piazza-ragazzabile","status":"publish","type":"post","link":"https:\/\/www.ilmercoledi.news\/2025\/06\/04\/moncalieri-presentazione-di-piazza-ragazzabile\/","title":{"rendered":"MONCALIERI -Presentazione di piazza ragazzabile"},"content":{"rendered":"<p>Luned\u00ec 9 giugno alle ore 18, presso il Polifunzionale Don PG Ferrero di via Santa Maria 27 bis verr\u00e0 presentata la decima edizione di Piazza Ragazzabile: un momento, aperto a tutti gli interessati, per scoprire i dettagli dell\u2019attivit\u00e0, ricevere risposte a dubbi e curiosit\u00e0 e conoscere educatori e animatori che accompagneranno i ragazzi.<\/p>\n<p>Piazza Ragazzabile \u00e8 un\u2019attivit\u00e0 estiva di tre settimane, da luned\u00ec 16 giugno a venerd\u00ec 4 luglio, durante le quali i giovani sperimentano, in sella alle loro biciclette, la riqualificazione degli spazi pubblici attraverso attivit\u00e0 di pulizia di aree verdi e spazi pubblici, recupero di elementi di arredo urbano e laboratori su tematiche ambientali e non solo.<\/p>\n","protected":false},"excerpt":{"rendered":"","protected":false},"author":11,"featured_media":8067,"comment_status":"open","ping_status":"closed","sticky":false,"template":"","format":"standard","meta":[],"categories":[34],"tags":[],"news-destination":[],"news-source":[],"is_homepage":[581],"ta_other":[],"_links":{"self":[{"href":"https:\/\/www.ilmercoledi.news\/ilmercoledi\/news\/wp-json\/wp\/v2\/posts\/74506"}],"collection":[{"href":"https:\/\/www.ilmercoledi.news\/ilmercoledi\/news\/wp-json\/wp\/v2\/posts"}],"about":[{"href":"https:\/\/www.ilmercoledi.news\/ilmercoledi\/news\/wp-json\/wp\/v2\/types\/post"}],"author":[{"embeddable":true,"href":"https:\/\/www.ilmercoledi.news\/ilmercoledi\/news\/wp-json\/wp\/v2\/users\/11"}],"replies":[{"embeddable":true,"href":"https:\/\/www.ilmercoledi.news\/ilmercoledi\/news\/wp-json\/wp\/v2\/comments?post=74506"}],"version-history":[{"count":0,"href":"https:\/\/www.ilmercoledi.news\/ilmercoledi\/news\/wp-json\/wp\/v2\/posts\/74506\/revisions"}],"wp:featuredmedia":[{"embeddable":true,"href":"https:\/\/www.ilmercoledi.news\/ilmercoledi\/news\/wp-json\/wp\/v2\/media\/8067"}],"wp:attachment":[{"href":"https:\/\/www.ilmercoledi.news\/ilmercoledi\/news\/wp-json\/wp\/v2\/media?parent=74506"}],"wp:term":[{"taxonomy":"category","embeddable":true,"href":"https:\/\/www.ilmercoledi.news\/ilmercoledi\/news\/wp-json\/wp\/v2\/categories?post=74506"},{"taxonomy":"post_tag","embeddable":true,"href":"https:\/\/www.ilmercoledi.news\/ilmercoledi\/news\/wp-json\/wp\/v2\/tags?post=74506"},{"taxonomy":"news-destination","embeddable":true,"href":"https:\/\/www.ilmercoledi.news\/ilmercoledi\/news\/wp-json\/wp\/v2\/news-destination?post=74506"},{"taxonomy":"news-source","embeddable":true,"href":"https:\/\/www.ilmercoledi.news\/ilmercoledi\/news\/wp-json\/wp\/v2\/news-source?post=74506"},{"taxonomy":"is_homepage","embeddable":true,"href":"https:\/\/www.ilmercoledi.news\/ilmercoledi\/news\/wp-json\/wp\/v2\/is_homepage?post=74506"},{"taxonomy":"ta_other","embeddable":true,"href":"https:\/\/www.ilmercoledi.news\/ilmercoledi\/news\/wp-json\/wp\/v2\/ta_other?post=74506"}],"curies":[{"name":"wp","href":"https:\/\/api.w.org\/{rel}","templated":true}]}}