{"id":74614,"date":"2025-06-10T07:33:15","date_gmt":"2025-06-10T05:33:15","guid":{"rendered":"https:\/\/euwps06.newsmemory.com\/ilmercoledi\/news\/2025\/06\/10\/ambiente-migliora-laria-piemonte\/"},"modified":"2025-06-10T07:33:18","modified_gmt":"2024-08-14T07:33:18","slug":"ambiente-migliora-laria-piemonte","status":"publish","type":"post","link":"https:\/\/www.ilmercoledi.news\/2025\/06\/10\/ambiente-migliora-laria-piemonte\/","title":{"rendered":"AMBIENTE &#8211; Migliora l&#8217;aria in Piemonte"},"content":{"rendered":"<p>Segnali positivi per la qualit\u00e0 dell\u2019aria, crescente attenzione al cambiamento climatico, importanti interventi per la tutela di suolo e acque, progressi nel campo delle bonifiche e della gestione dei rifiuti:<strong>\u00a0<\/strong>questi, in sintesi, i contenuti della\u00a0<strong>Relazione 2025 sullo stato dell\u2019<\/strong><strong>a<\/strong><strong>mbiente in Piemonte<\/strong>, redatta da Arpa e Regione per fotografare le condizioni del territorio e le azioni intraprese durante lo scorso anno.<\/p>\n<p>\u00abI dati sono nettamente positivi &#8211; ha affermato l\u2019assessore regionale all\u2019Ambiente<strong>\u00a0Matteo Marnati\u00a0<\/strong>durante la presentazione svoltasi nel Grattacielo Piemonte &#8211; e dimostrano come in questi ultimi vent\u2019anni, e<strong>\u00a0in particolar modo negli ultimi, tutto \u00e8 migliorato<\/strong>, dalla qualit\u00e0 dell\u2019aria, i cui dati dimostrano che abbiamo raggiunto in molte aree gli obiettivi previsti dalla normativa, cos\u00ec come sul tema dell\u2019acqua, sul quale sono stati fatti investimenti imponenti sul sistema idrico, sui siti contaminati, su cui stiamo migliorando gli aspetti normativi e anche sul tema dei rifiuti. Il Piemonte punta sulla bioeconomia e sull\u2019economia circolare utilizzando l\u2019innovazione e le nuove tecnologie. Circa la qualit\u00e0 dell\u2019aria nel Piano abbiamo inserito molte novit\u00e0: abbiamo lavorato per trovare soluzioni innovative che puntino su misure qualitative perch\u00e9 non esiste una sola soluzione ma tante azioni che possono concorrere ad ottenere il risultato. \u00c8 mia intenzione presentare una legge per la valorizzazione dei crediti di carbonio, in linea con quanto hanno deciso tutti gli Stati del mondo a Baku, per certificare il mercato volontario e valorizzare l\u2019assorbimento dell\u2019anidride carbonica e creare un sistema economico piemontese. Saremo la prima Regione in Europa a dotarsi di una legge cos\u00ec\u00bb.<\/p>\n<p>\u00abLa Relazione ci restituisce un indicatore prezioso non solo dello stato ambientale delle nostre citt\u00e0, ma anche della tenuta degli ecosistemi pi\u00f9 fragili, come quelli montani \u2013 ha sostenuto\u00a0<strong>Marco Gallo,<\/strong>\u00a0assessore allo Sviluppo e promozione della montagna &#8211; In quest\u2019ottica, nel 2024 la Regione Piemonte ha aggiornato il proprio Piano territoriale, che si pone l\u2019obiettivo di rafforzare e integrare i contenuti a partire dalle strategie per lo sviluppo sostenibile. Inoltre, le aree di alta quota, storicamente considerate \u201csentinelle\u201d dei cambiamenti climatici, stanno mostrando segni evidenti di trasformazione. In questo contesto,<strong>\u00a0le foreste e il patrimonio boschivo del Piemonte rappresentano una straordinaria risorsa<\/strong>: ambientale, economica e culturale. Con un miliardo di alberi e circa il 37% della superficie coperta da boschi, la filiera del legno \u00e8 per noi un volano per lo sviluppo di lavoro in montagna. Gli alberi sono i primi alleati nella lotta contro i cambiamenti climatici e tutelare il nostro patrimonio forestale significa investire sulla qualit\u00e0 dell\u2019aria, sulla biodiversit\u00e0 e sul futuro delle nuove generazioni. La Regione \u00e8 impegnata con azioni concrete in questa direzione, tra cui la creazione dell\u2019Osservatorio regionale sul cambiamento climatico, pensato per raccogliere dati, studiare gli impatti e orientare le politiche pubbliche. \u00c8 una sfida trasversale, che unisce ambiente, territorio e comunit\u00e0, nella consapevolezza che solo lavorando insieme possiamo trasformare la transizione ecologica in una vera occasione di crescita per tutto il Piemonte\u00bb.<\/p>\n<p>Il direttore generale di Arpa,\u00a0<strong>Secondo Barbero<\/strong>, ha puntualizzato che<strong>\u00a0<\/strong>\u00abla raccolta, l\u2019analisi e la divulgazione da parte dell\u2019Agenzia dei dati su suolo, aria, acqua ed ecosistemi consentono di fornire risposte tempestive e accurate alle sfide ambientali. Il Rapporto rappresenta uno strumento fondamentale non solo per le istituzioni ma anche per i cittadini, che possono cos\u00ec essere informati e sensibilizzati sui temi cruciali come il cambiamento climatico, l\u2019inquinamento atmosferico, la gestione dei rifiuti\u00bb.<\/p>\n","protected":false},"excerpt":{"rendered":"","protected":false},"author":11,"featured_media":46348,"comment_status":"open","ping_status":"closed","sticky":false,"template":"","format":"standard","meta":[],"categories":[34],"tags":[],"news-destination":[],"news-source":[],"is_homepage":[581],"ta_other":[],"_links":{"self":[{"href":"https:\/\/www.ilmercoledi.news\/ilmercoledi\/news\/wp-json\/wp\/v2\/posts\/74614"}],"collection":[{"href":"https:\/\/www.ilmercoledi.news\/ilmercoledi\/news\/wp-json\/wp\/v2\/posts"}],"about":[{"href":"https:\/\/www.ilmercoledi.news\/ilmercoledi\/news\/wp-json\/wp\/v2\/types\/post"}],"author":[{"embeddable":true,"href":"https:\/\/www.ilmercoledi.news\/ilmercoledi\/news\/wp-json\/wp\/v2\/users\/11"}],"replies":[{"embeddable":true,"href":"https:\/\/www.ilmercoledi.news\/ilmercoledi\/news\/wp-json\/wp\/v2\/comments?post=74614"}],"version-history":[{"count":0,"href":"https:\/\/www.ilmercoledi.news\/ilmercoledi\/news\/wp-json\/wp\/v2\/posts\/74614\/revisions"}],"wp:featuredmedia":[{"embeddable":true,"href":"https:\/\/www.ilmercoledi.news\/ilmercoledi\/news\/wp-json\/wp\/v2\/media\/46348"}],"wp:attachment":[{"href":"https:\/\/www.ilmercoledi.news\/ilmercoledi\/news\/wp-json\/wp\/v2\/media?parent=74614"}],"wp:term":[{"taxonomy":"category","embeddable":true,"href":"https:\/\/www.ilmercoledi.news\/ilmercoledi\/news\/wp-json\/wp\/v2\/categories?post=74614"},{"taxonomy":"post_tag","embeddable":true,"href":"https:\/\/www.ilmercoledi.news\/ilmercoledi\/news\/wp-json\/wp\/v2\/tags?post=74614"},{"taxonomy":"news-destination","embeddable":true,"href":"https:\/\/www.ilmercoledi.news\/ilmercoledi\/news\/wp-json\/wp\/v2\/news-destination?post=74614"},{"taxonomy":"news-source","embeddable":true,"href":"https:\/\/www.ilmercoledi.news\/ilmercoledi\/news\/wp-json\/wp\/v2\/news-source?post=74614"},{"taxonomy":"is_homepage","embeddable":true,"href":"https:\/\/www.ilmercoledi.news\/ilmercoledi\/news\/wp-json\/wp\/v2\/is_homepage?post=74614"},{"taxonomy":"ta_other","embeddable":true,"href":"https:\/\/www.ilmercoledi.news\/ilmercoledi\/news\/wp-json\/wp\/v2\/ta_other?post=74614"}],"curies":[{"name":"wp","href":"https:\/\/api.w.org\/{rel}","templated":true}]}}