{"id":74695,"date":"2025-06-12T16:20:53","date_gmt":"2025-06-12T14:20:53","guid":{"rendered":"https:\/\/euwps06.newsmemory.com\/ilmercoledi\/news\/2025\/06\/12\/alla-biblioteca-arduino-di-moncalieri-ce-unaltra-storia\/"},"modified":"2025-06-12T16:20:59","modified_gmt":"2024-08-16T16:20:59","slug":"alla-biblioteca-arduino-di-moncalieri-ce-unaltra-storia","status":"publish","type":"post","link":"https:\/\/www.ilmercoledi.news\/2025\/06\/12\/alla-biblioteca-arduino-di-moncalieri-ce-unaltra-storia\/","title":{"rendered":"Alla Biblioteca Arduino di Moncalieri c&#8217;\u00e8 &#8220;Un&#8217;altra storia&#8221;"},"content":{"rendered":"\r\n<p>Viene presentato <strong>il 13 giugno alle 17,30 alla Biblioteca civica Arduino di Moncalieri<\/strong> (via Cavour 31) <strong>\u201cUn\u2019altra storia\u201d<\/strong>, l\u2019ultimo romanzo nato dalla penna del moncalierese <strong>Davide Dentico<\/strong>. Dialogano con l&#8217;autore Emanuele Castiglione e Francesca Dentico.<br \/>Terzo libro in ordine di tempo, \u201cUn&#8217;altra storia\u201d \u00e8 il seguito ideale del precedente \u201cLa Fattoria delle Meraviglie\u201d (2021), di cui riprende personaggi e temi che seguono per\u00f2 un percorso a s\u00e9, con nuovi inaspettati sviluppi.<br \/>\u201cUn\u2019Altra Storia\u201d prosegue nel racconto delle vicende di <strong>Fabrizio De Micheli<\/strong>, vincitore di una grossa cifra alla lotteria nazionale, che decide di investire la sua ricchezza in un progetto singolare e allo stesso tempo geniale: la Fattoria delle Meraviglie.<br \/>Spiega Dentico: \u201c\u00c8 una vera e propria azienda situata nelle colline moncalieresi, presso cui, attraverso il lavoro, persone dai vissuti pi\u00f9 diversi e complicati trovano un\u2019opportunit\u00e0 di riscatto. L\u2019idea iniziale del protagonista, infatti, \u00e8 proprio quella di ridare dignit\u00e0 alle persone pi\u00f9 vulnerabili e emarginate della societ\u00e0: chi ha conosciuto il carcere, chi \u00e8 migrato da lontano in cerca di una vita migliore, persone in condizione di disabilit\u00e0 e donne che si sono lasciate alle spalle un passato tormentato dallo sfruttamento sessuale\u201d.<br \/><strong>Ora la Fattoria ha uno spazio in pi\u00f9<\/strong> pronto a tagliare il nastro e <strong>un\u2019iniziativa rivoluzionaria<\/strong> che sta per sbocciare tra le montagne alpine. <\/p>\r\n","protected":false},"excerpt":{"rendered":"","protected":false},"author":4,"featured_media":74694,"comment_status":"open","ping_status":"closed","sticky":false,"template":"","format":"standard","meta":[],"categories":[8],"tags":[],"news-destination":[],"news-source":[],"is_homepage":[581],"ta_other":[],"_links":{"self":[{"href":"https:\/\/www.ilmercoledi.news\/ilmercoledi\/news\/wp-json\/wp\/v2\/posts\/74695"}],"collection":[{"href":"https:\/\/www.ilmercoledi.news\/ilmercoledi\/news\/wp-json\/wp\/v2\/posts"}],"about":[{"href":"https:\/\/www.ilmercoledi.news\/ilmercoledi\/news\/wp-json\/wp\/v2\/types\/post"}],"author":[{"embeddable":true,"href":"https:\/\/www.ilmercoledi.news\/ilmercoledi\/news\/wp-json\/wp\/v2\/users\/4"}],"replies":[{"embeddable":true,"href":"https:\/\/www.ilmercoledi.news\/ilmercoledi\/news\/wp-json\/wp\/v2\/comments?post=74695"}],"version-history":[{"count":0,"href":"https:\/\/www.ilmercoledi.news\/ilmercoledi\/news\/wp-json\/wp\/v2\/posts\/74695\/revisions"}],"wp:featuredmedia":[{"embeddable":true,"href":"https:\/\/www.ilmercoledi.news\/ilmercoledi\/news\/wp-json\/wp\/v2\/media\/74694"}],"wp:attachment":[{"href":"https:\/\/www.ilmercoledi.news\/ilmercoledi\/news\/wp-json\/wp\/v2\/media?parent=74695"}],"wp:term":[{"taxonomy":"category","embeddable":true,"href":"https:\/\/www.ilmercoledi.news\/ilmercoledi\/news\/wp-json\/wp\/v2\/categories?post=74695"},{"taxonomy":"post_tag","embeddable":true,"href":"https:\/\/www.ilmercoledi.news\/ilmercoledi\/news\/wp-json\/wp\/v2\/tags?post=74695"},{"taxonomy":"news-destination","embeddable":true,"href":"https:\/\/www.ilmercoledi.news\/ilmercoledi\/news\/wp-json\/wp\/v2\/news-destination?post=74695"},{"taxonomy":"news-source","embeddable":true,"href":"https:\/\/www.ilmercoledi.news\/ilmercoledi\/news\/wp-json\/wp\/v2\/news-source?post=74695"},{"taxonomy":"is_homepage","embeddable":true,"href":"https:\/\/www.ilmercoledi.news\/ilmercoledi\/news\/wp-json\/wp\/v2\/is_homepage?post=74695"},{"taxonomy":"ta_other","embeddable":true,"href":"https:\/\/www.ilmercoledi.news\/ilmercoledi\/news\/wp-json\/wp\/v2\/ta_other?post=74695"}],"curies":[{"name":"wp","href":"https:\/\/api.w.org\/{rel}","templated":true}]}}