{"id":74904,"date":"2025-06-24T06:45:32","date_gmt":"2025-06-24T04:45:32","guid":{"rendered":"https:\/\/euwps05.newsmemory.com\/ilmercoledi\/news\/2025\/06\/24\/villastellone-conto-alla-rovescia-per-il-palio-dei-templari-20250624-0445-320262\/"},"modified":"2025-06-24T06:46:55","modified_gmt":"2025-06-24T04:46:55","slug":"villastellone-conto-alla-rovescia-per-il-palio-dei-templari-20250624-0445-320262","status":"publish","type":"post","link":"https:\/\/www.ilmercoledi.news\/2025\/06\/24\/villastellone-conto-alla-rovescia-per-il-palio-dei-templari-20250624-0445-320262\/","title":{"rendered":"VILLASTELLONE &#8211; Conto alla rovescia per il Palio dei Templari"},"content":{"rendered":"<p>Organizzato dalla Proloco Villastellone; il Palio dei Templari torna Venerd\u00ec 4 e Sabato 5 Luglio 2025 in Piazza Libert\u00e0&#8230;uno degli appuntamenti pi\u00f9 attesi dell\u2019estate villastellonese<\/p>\n<p>Un evento unico per vivere insieme atmosfere storiche e senso di comunit\u00e0: Baija, Borgo di Mezzo e\u00a0Centro Storico daranno vita a una competizione avvincente tra storia, gioco e spirito di appartenenza<\/p>\n<p>Appuntamento alle ore 21.00 al Sabato, con precedente sfilata storica per le vie del Paese; Venerd\u00ec ore 20 circa primi giochi validi per la classifica finale.<\/p>\n","protected":false},"excerpt":{"rendered":"","protected":false},"author":11,"featured_media":1037,"comment_status":"open","ping_status":"closed","sticky":false,"template":"","format":"standard","meta":[],"categories":[8],"tags":[],"news-destination":[],"news-source":[],"is_homepage":[581],"ta_other":[],"_links":{"self":[{"href":"https:\/\/www.ilmercoledi.news\/ilmercoledi\/news\/wp-json\/wp\/v2\/posts\/74904"}],"collection":[{"href":"https:\/\/www.ilmercoledi.news\/ilmercoledi\/news\/wp-json\/wp\/v2\/posts"}],"about":[{"href":"https:\/\/www.ilmercoledi.news\/ilmercoledi\/news\/wp-json\/wp\/v2\/types\/post"}],"author":[{"embeddable":true,"href":"https:\/\/www.ilmercoledi.news\/ilmercoledi\/news\/wp-json\/wp\/v2\/users\/11"}],"replies":[{"embeddable":true,"href":"https:\/\/www.ilmercoledi.news\/ilmercoledi\/news\/wp-json\/wp\/v2\/comments?post=74904"}],"version-history":[{"count":0,"href":"https:\/\/www.ilmercoledi.news\/ilmercoledi\/news\/wp-json\/wp\/v2\/posts\/74904\/revisions"}],"wp:featuredmedia":[{"embeddable":true,"href":"https:\/\/www.ilmercoledi.news\/ilmercoledi\/news\/wp-json\/wp\/v2\/media\/1037"}],"wp:attachment":[{"href":"https:\/\/www.ilmercoledi.news\/ilmercoledi\/news\/wp-json\/wp\/v2\/media?parent=74904"}],"wp:term":[{"taxonomy":"category","embeddable":true,"href":"https:\/\/www.ilmercoledi.news\/ilmercoledi\/news\/wp-json\/wp\/v2\/categories?post=74904"},{"taxonomy":"post_tag","embeddable":true,"href":"https:\/\/www.ilmercoledi.news\/ilmercoledi\/news\/wp-json\/wp\/v2\/tags?post=74904"},{"taxonomy":"news-destination","embeddable":true,"href":"https:\/\/www.ilmercoledi.news\/ilmercoledi\/news\/wp-json\/wp\/v2\/news-destination?post=74904"},{"taxonomy":"news-source","embeddable":true,"href":"https:\/\/www.ilmercoledi.news\/ilmercoledi\/news\/wp-json\/wp\/v2\/news-source?post=74904"},{"taxonomy":"is_homepage","embeddable":true,"href":"https:\/\/www.ilmercoledi.news\/ilmercoledi\/news\/wp-json\/wp\/v2\/is_homepage?post=74904"},{"taxonomy":"ta_other","embeddable":true,"href":"https:\/\/www.ilmercoledi.news\/ilmercoledi\/news\/wp-json\/wp\/v2\/ta_other?post=74904"}],"curies":[{"name":"wp","href":"https:\/\/api.w.org\/{rel}","templated":true}]}}