{"id":74994,"date":"2025-06-30T08:47:19","date_gmt":"2025-06-30T06:47:19","guid":{"rendered":"https:\/\/euwps05.newsmemory.com\/ilmercoledi\/news\/2025\/06\/30\/poirino-marco-torta-muore-un-incidente-moto\/"},"modified":"2025-06-30T08:48:09","modified_gmt":"2025-06-30T06:48:09","slug":"poirino-marco-torta-muore-un-incidente-moto","status":"publish","type":"post","link":"https:\/\/www.ilmercoledi.news\/2025\/06\/30\/poirino-marco-torta-muore-un-incidente-moto\/","title":{"rendered":"POIRINO &#8211; Marco Torta muore in un incidente in moto"},"content":{"rendered":"<p>Marco Torta, 24 anni, originario di Chieri e residente a Poirino, \u00e8 morto l&#8217;altra sera dopo aver perso il controllo della sua Ducati lungo la provinciale 121 ad Arignano, al confine con Riva presso Chieri. Il giovane centauro \u00e8 caduto a lato della carreggiata. Il primo a intervenire \u00e8 stato un equipaggio della Croce Rossa. Poco dopo \u00e8 atterrato anche l\u2019elisoccorso. Ma le condizioni di Marco sono apparse subito disperate: trauma cranico, trauma toracico e un arresto cardiaco che non gli ha lasciato scampo. Trasportato d\u2019urgenza al Cto di Torino, \u00e8 deceduto poco dopo il ricovero.<\/p>\n<p>Sar\u00e0 ora compito dei carabinieri della compagnia di Chieri, che hanno effettuato i rilievi e regolato il traffico durante i soccorsi, chiarire l\u2019esatta dinamica dell\u2019incidente. Non si esclude un improvviso ostacolo o una perdita di aderenza, ma al momento tutto resta da accertare.<\/p>\n<p>Il dolore \u00e8 immenso soprattutto tra i colleghi e gli amici della Croce Rossa di Carmagnola, dove Marco lavorava<\/p>\n","protected":false},"excerpt":{"rendered":"","protected":false},"author":11,"featured_media":2165,"comment_status":"open","ping_status":"closed","sticky":false,"template":"","format":"standard","meta":[],"categories":[8],"tags":[],"news-destination":[],"news-source":[],"is_homepage":[581],"ta_other":[],"_links":{"self":[{"href":"https:\/\/www.ilmercoledi.news\/ilmercoledi\/news\/wp-json\/wp\/v2\/posts\/74994"}],"collection":[{"href":"https:\/\/www.ilmercoledi.news\/ilmercoledi\/news\/wp-json\/wp\/v2\/posts"}],"about":[{"href":"https:\/\/www.ilmercoledi.news\/ilmercoledi\/news\/wp-json\/wp\/v2\/types\/post"}],"author":[{"embeddable":true,"href":"https:\/\/www.ilmercoledi.news\/ilmercoledi\/news\/wp-json\/wp\/v2\/users\/11"}],"replies":[{"embeddable":true,"href":"https:\/\/www.ilmercoledi.news\/ilmercoledi\/news\/wp-json\/wp\/v2\/comments?post=74994"}],"version-history":[{"count":0,"href":"https:\/\/www.ilmercoledi.news\/ilmercoledi\/news\/wp-json\/wp\/v2\/posts\/74994\/revisions"}],"wp:featuredmedia":[{"embeddable":true,"href":"https:\/\/www.ilmercoledi.news\/ilmercoledi\/news\/wp-json\/wp\/v2\/media\/2165"}],"wp:attachment":[{"href":"https:\/\/www.ilmercoledi.news\/ilmercoledi\/news\/wp-json\/wp\/v2\/media?parent=74994"}],"wp:term":[{"taxonomy":"category","embeddable":true,"href":"https:\/\/www.ilmercoledi.news\/ilmercoledi\/news\/wp-json\/wp\/v2\/categories?post=74994"},{"taxonomy":"post_tag","embeddable":true,"href":"https:\/\/www.ilmercoledi.news\/ilmercoledi\/news\/wp-json\/wp\/v2\/tags?post=74994"},{"taxonomy":"news-destination","embeddable":true,"href":"https:\/\/www.ilmercoledi.news\/ilmercoledi\/news\/wp-json\/wp\/v2\/news-destination?post=74994"},{"taxonomy":"news-source","embeddable":true,"href":"https:\/\/www.ilmercoledi.news\/ilmercoledi\/news\/wp-json\/wp\/v2\/news-source?post=74994"},{"taxonomy":"is_homepage","embeddable":true,"href":"https:\/\/www.ilmercoledi.news\/ilmercoledi\/news\/wp-json\/wp\/v2\/is_homepage?post=74994"},{"taxonomy":"ta_other","embeddable":true,"href":"https:\/\/www.ilmercoledi.news\/ilmercoledi\/news\/wp-json\/wp\/v2\/ta_other?post=74994"}],"curies":[{"name":"wp","href":"https:\/\/api.w.org\/{rel}","templated":true}]}}