{"id":75004,"date":"2025-06-30T20:58:29","date_gmt":"2025-06-30T18:58:29","guid":{"rendered":"https:\/\/euwps05.newsmemory.com\/ilmercoledi\/news\/2025\/06\/30\/moncalieri-addio-al-degrado-e-allinsicurezza-alla-firsat\/"},"modified":"2025-06-30T20:59:31","modified_gmt":"2025-06-30T18:59:31","slug":"moncalieri-addio-al-degrado-e-allinsicurezza-alla-firsat","status":"publish","type":"post","link":"https:\/\/www.ilmercoledi.news\/2025\/06\/30\/moncalieri-addio-al-degrado-e-allinsicurezza-alla-firsat\/","title":{"rendered":"MONCALIERI &#8211; Addio al degrado e all&#8217;insicurezza alla Firsat"},"content":{"rendered":"<p>Dopo anni di incuria, degrado e abbandoni abusivi, l\u2019area ex FIRSAT tra Strada Vignotto e la sponda sinistra del Torrente Sangone torna finalmente a disposizione della comunit\u00e0 di Moncalieri. Oggi, con un evento pubblico, si \u00e8 celebrata la conclusione dei lavori di messa in sicurezza del sito, un\u2019area estesa per circa 20.000 metri quadrati, per anni al centro di segnalazioni e preoccupazioni da parte dei residenti. Presenti alla cerimonia il Sindaco di Moncalieri Paolo Montagna, il Vicesindaco Davide Guida, l\u2019Assessore all\u2019Ambiente Alessandra Borello, l\u2019Assessore all\u2019igiene urbana Giuseppe Messina ed il Presidente di Covar 14, Leonardo Di Crescenzo, a rappresentare l\u2019ente che ha coordinato l\u2019intera operazione.<\/p>\n<p>&nbsp;<\/p>\n<p>L\u2019intervento ha preso avvio a seguito dell\u2019inottemperanza, da parte dei proprietari, all\u2019ordinanza sindacale n. 70 del 2022 che imponeva la rimozione dei rifiuti pericolosi presenti sul sito, gi\u00e0 oggetto di sequestro da parte della Procura della Repubblica. Per tutelare la salute pubblica e l\u2019ambiente, il Comune di Moncalieri ha attivato la procedura sostitutiva prevista dall\u2019art. 192 del Codice dell\u2019Ambiente, affidando al Covar 14 l\u2019esecuzione completa dell\u2019intervento. I lavori, costati circa 750 mila euro con il coordinamento e l\u2019intenso lavoro dell\u2019area tecnica di Covar, sono stati avviati a gennaio 2024 e hanno richiesto circa un anno e mezzo di attivit\u00e0; nel corso dei lavori sono emerse numerose criticit\u00e0 non prevedibili in fase progettuale, come la presenza di una cisterna con residui di idrocarburi, veicoli abbandonati interrati, bombole di gas e frammenti di eternit nascosti sotto i cumuli di rifiuti. Pertanto, l\u2019intera area \u00e8 stata oggetto di un\u2019attenta opera di ripristino ambientale, comprendente anche la messa in sicurezza strutturale dei capannoni e dei piazzali. Sono stati murati tutti gli accessi \u2013 oltre 30 varchi tra porte, finestre e muri divelti \u2013 ed \u00e8 stata completata la perimetrazione esterna con blocchi di calcestruzzo prefabbricati tipo \u201clego block\u201d, per impedire l\u2019ingresso di mezzi e l\u2019abbandono di nuovi rifiuti, mentre l\u2019istallazione di un\u2019adeguata cartellonistica di pericolo e divieto ha completato l\u2019intervento.<\/p>\n<p>&nbsp;<\/p>\n<p>Il progetto \u00e8 stato possibile grazie alla collaborazione tra Comune e Covar 14, che con la sua area tecnica impianti ha coordinato gli interventi dello Studio Associato ETC, curandone la progettazione e la direzione lavori, e dell\u2019impresa Cericola srl, esecutrice materiale delle opere. In dettaglio sono state individuate e rimosse dall\u2019area di circa 20 mila mq, per poi essere smaltiti, le seguenti tipologie di rifiuto:<\/p>\n<p>&nbsp;<\/p>\n<p>30 tonnellate di amianto in forma friabile<\/p>\n<p>420 tonnellate di amianto compatto (eternit)<\/p>\n<p>90 tonnellate di altri rifiuti pericolosi (compresi terreni contaminati, apparecchiature elettroniche, imballaggi contenenti sostanze pericolose)<\/p>\n<p>160 tonnellate di macerie di demolizione<\/p>\n<p>100 tonnellate di veicoli fuori uso<\/p>\n<p>A intervento concluso, si apre una nuova fase per il sito, che potr\u00e0 essere reinserito nei piani di valorizzazione urbana e ambientale della citt\u00e0.<\/p>\n<p>&nbsp;<\/p>\n<p>\u201cSi \u00e8 trattato di un lavoro lungo e complesso, che mette in sicurezza un pezzo di Moncalieri in una delle zone pi\u00f9 densamente abitate-afferma il Sindaco di Moncalieri, Paolo Montagna-. Grazie al Consorzio Covar 14 che ha organizzato e curato l\u2019intervento: ora con i capannoni chiusi ci sentiamo pi\u00f9 sicuri sia in termini ambientali che di sicurezza della persona. Ora occorrer\u00e0 capire come agire con la struttura principale che, secondo noi, dovr\u00e0 essere abbattuta per recuperare spazio verde in primis a protezione del Sangone e poi a beneficio delle persone che vivono in questa comunit\u00e0\u201d.<\/p>\n<p>&nbsp;<\/p>\n<p>\u201cMettere in sicurezza l\u2019area ex Firsat \u00e8 stato un percorso lungo e impegnativo, ma il lavoro di squadra con tutti i soggetti coinvolti \u00e8 stato proficuo e ci ha portato oggi qui a celebrare la chiusura del cantiere-aggiunge il Presidente di Covar 14, Leonardo Di Crescenzo-. Per noi e la nostra area tecnica \u00e8 stata una grande sfida, con davvero tante tonnellate di rifiuti abbandonati rimossi e smaltiti correttamente in sicurezza, siamo felici che l\u2019amministrazione comunale di Moncalieri sia soddisfatta del nostro operato e soprattutto di restituire sicurezza ad un\u2019area degradata della citt\u00e0 su cui ora si potr\u00e0 investire per restituirla ai cittadini\u201d.<\/p>\n","protected":false},"excerpt":{"rendered":"","protected":false},"author":11,"featured_media":75003,"comment_status":"open","ping_status":"closed","sticky":false,"template":"","format":"standard","meta":[],"categories":[8],"tags":[],"news-destination":[],"news-source":[],"is_homepage":[581],"ta_other":[],"_links":{"self":[{"href":"https:\/\/www.ilmercoledi.news\/ilmercoledi\/news\/wp-json\/wp\/v2\/posts\/75004"}],"collection":[{"href":"https:\/\/www.ilmercoledi.news\/ilmercoledi\/news\/wp-json\/wp\/v2\/posts"}],"about":[{"href":"https:\/\/www.ilmercoledi.news\/ilmercoledi\/news\/wp-json\/wp\/v2\/types\/post"}],"author":[{"embeddable":true,"href":"https:\/\/www.ilmercoledi.news\/ilmercoledi\/news\/wp-json\/wp\/v2\/users\/11"}],"replies":[{"embeddable":true,"href":"https:\/\/www.ilmercoledi.news\/ilmercoledi\/news\/wp-json\/wp\/v2\/comments?post=75004"}],"version-history":[{"count":0,"href":"https:\/\/www.ilmercoledi.news\/ilmercoledi\/news\/wp-json\/wp\/v2\/posts\/75004\/revisions"}],"wp:featuredmedia":[{"embeddable":true,"href":"https:\/\/www.ilmercoledi.news\/ilmercoledi\/news\/wp-json\/wp\/v2\/media\/75003"}],"wp:attachment":[{"href":"https:\/\/www.ilmercoledi.news\/ilmercoledi\/news\/wp-json\/wp\/v2\/media?parent=75004"}],"wp:term":[{"taxonomy":"category","embeddable":true,"href":"https:\/\/www.ilmercoledi.news\/ilmercoledi\/news\/wp-json\/wp\/v2\/categories?post=75004"},{"taxonomy":"post_tag","embeddable":true,"href":"https:\/\/www.ilmercoledi.news\/ilmercoledi\/news\/wp-json\/wp\/v2\/tags?post=75004"},{"taxonomy":"news-destination","embeddable":true,"href":"https:\/\/www.ilmercoledi.news\/ilmercoledi\/news\/wp-json\/wp\/v2\/news-destination?post=75004"},{"taxonomy":"news-source","embeddable":true,"href":"https:\/\/www.ilmercoledi.news\/ilmercoledi\/news\/wp-json\/wp\/v2\/news-source?post=75004"},{"taxonomy":"is_homepage","embeddable":true,"href":"https:\/\/www.ilmercoledi.news\/ilmercoledi\/news\/wp-json\/wp\/v2\/is_homepage?post=75004"},{"taxonomy":"ta_other","embeddable":true,"href":"https:\/\/www.ilmercoledi.news\/ilmercoledi\/news\/wp-json\/wp\/v2\/ta_other?post=75004"}],"curies":[{"name":"wp","href":"https:\/\/api.w.org\/{rel}","templated":true}]}}