{"id":75034,"date":"2025-07-01T18:30:20","date_gmt":"2025-07-01T16:30:20","guid":{"rendered":"https:\/\/euwps05.newsmemory.com\/ilmercoledi\/news\/2025\/07\/01\/carmagnola-presentato-il-dossier-di-candidatura-capitale-italiana-del-libro\/"},"modified":"2025-07-01T18:30:56","modified_gmt":"2025-07-01T16:30:56","slug":"carmagnola-presentato-il-dossier-di-candidatura-capitale-italiana-del-libro","status":"publish","type":"post","link":"https:\/\/www.ilmercoledi.news\/2025\/07\/01\/carmagnola-presentato-il-dossier-di-candidatura-capitale-italiana-del-libro\/","title":{"rendered":"CARMAGNOLA &#8211; Presentato il dossier di candidatura a capitale italiana del libro"},"content":{"rendered":"<p align=\"JUSTIFY\">\u00c8 stato presentato ieri sera, nel Salone Antichi Bastioni, il dossier con cui la Citt\u00e0 di Carmagnola partecipa al bando per diventare <b>Capitale Italiana del Libro 2026<\/b>, promosso dal Ministero della Cultura. Una candidatura ambiziosa e profondamente radicata nel territorio, frutto di un percorso partecipato che mette al centro la lettura come strumento di coesione e crescita sociale, legandola alla storia, all\u2019identit\u00e0 e al futuro della citt\u00e0.<\/p>\n<p align=\"JUSTIFY\">\n<p align=\"JUSTIFY\">L\u2019incontro, aperto alla cittadinanza, \u00e8 stato condotto dalla giornalista de La Stampa Erika Nicchiosini. Dopo il saluto iniziale del Sindaco Ivana Gaveglio, <b>sono stati trasmessi due videomessaggi istituzionali con cui la Regione Piemonte ha voluto esprimere il proprio pieno sostegno alla candidatura<\/b>: uno del Presidente <b>Alberto Cirio<\/b> e l\u2019altro dell\u2019Assessora alla Cultura, Pari opportunit\u00e0 e Politiche giovanili <b>Marina Chiarelli<\/b>.<\/p>\n<p align=\"JUSTIFY\">Nel corso della serata sono inoltre state proiettate alcune delle pagine pi\u00f9 significative del dossier inviato.<\/p>\n<p align=\"JUSTIFY\">\n<p align=\"JUSTIFY\">Nel suo intervento, <b>il Sindaco ha sottolineato che la candidatura nasce come un sogno condiviso con la comunit\u00e0<\/b>, presentato per la prima volta l\u2019anno scorso e costruito grazie all&#8217;entusiasmo dei cittadini, alla competenza di esperti e alla partecipazione delle associazioni del territorio. Ha evidenziato come Carmagnola sia una citt\u00e0 con una solida vocazione culturale, che legge e racconta storie, che forma lettori, autori, editori e librai, e che promuove la lettura come strumento di coesione sociale, libert\u00e0 e immaginazione.<\/p>\n<p align=\"JUSTIFY\">\u201c<i>Essere Capitale del Libro<\/i> \u2013 ha dichiarato \u2013 <i>significa portare libri ovunque, perch\u00e9 dove arriva un libro, arriva rispetto, speranza e bellezza\u201d<\/i>. Il Sindaco ha infine sottolineato che la candidatura non rappresenta un punto di arrivo, ma un punto di partenza, con l\u2019orgoglio di sapere da dove si viene e il coraggio di continuare a sognare in grande.<\/p>\n<p align=\"JUSTIFY\">\n<p align=\"JUSTIFY\">In collegamento video \u00e8 intervenuta l\u2019Avvocato<b> Costanza Casali<\/b>, <b>project manager, coordinatrice e curatrice del dossier<\/b>, per raccontare i punti salienti della candidatura e illustrare alcune delle linee portanti del progetto, ricordando che nel progetto sono state coinvolte due importanti figure di riferimento nel panorama culturale italiano: <b>Paolo Verri<\/b>, quale advisor dei contenuti culturali, e <b>Nicolas Ballario<\/b> quale advisor per la comunicazione.<\/p>\n<p align=\"JUSTIFY\">\n<p align=\"JUSTIFY\">Ha spiegato che il tema scelto per la candidatura \u00e8 <b>\u201cIdentit\u00e0 \u2013 Libri e territorio\u201d<\/b>, una riflessione profonda sul valore simbolico e culturale della lettura come elemento fondativo dell\u2019identit\u00e0 personale e collettiva, che nasce dalla domanda \u201cSiamo ci\u00f2 che leggiamo o leggiamo ci\u00f2 che siamo?\u201d<\/p>\n<p align=\"JUSTIFY\">\n<p align=\"JUSTIFY\">Ha in seguito evidenziato come il progetto sia nato da un <b>percorso partecipato,<\/b> avviato con l\u2019analisi di un ampio <b>questionario compilato da quasi 1.000 cittadini di tutte le fasce d\u2019et\u00e0<\/b>. I dati raccolti hanno offerto uno spaccato prezioso delle abitudini di lettura della comunit\u00e0, rivelando un forte interesse intergenerazionale e una diffusa richiesta di nuovi spazi e occasioni legati al libro e alla cultura.<\/p>\n<p align=\"JUSTIFY\">\n<p align=\"JUSTIFY\">Nel suo intervento, La Casali ha poi illustrato alcune delle iniziative previste dal dossier, pensate per coinvolgere l\u2019intera comunit\u00e0 attraverso un programma culturale ampio e articolato.<\/p>\n<p align=\"JUSTIFY\">La <b>lettura collettiva di quattro libri simbolici<\/b>, ciascuno rappresentativo di un\u2019identit\u00e0 e di un tempo: <i>Il Conte di Carmagnola<\/i> di Alessandro Manzoni (il passato), <i>Vino al vino<\/i> di Mario Soldati (il presente), <i>Elogio dell\u2019imperfezione<\/i> di Rita Levi Montalcini (il futuro) e <i>Il Piacere<\/i> di Gabriele D\u2019Annunzio (la costruzione);<\/p>\n<p align=\"JUSTIFY\">Il progetto <b>\u201cMetti un libro nello stipendio\u201d<\/b>, che promuove la lettura come forma di welfare aziendale attraverso buoni libro destinati ai dipendenti delle imprese aderenti, ispirandosi a quanto proponeva gi\u00e0 75 anni fa Adriano Olivetti, che poneva la cultura al centro come possibilit\u00e0 di riscatto sociale. Ha inoltre ricordato che le idee e i progetti del grande imprenditore, filantropo e intellettuale piemontese sono state recentemente rilanciate dal Ministro della Cultura, Alessandro Giuli, che ha fatto redigere e promosso il \u201cPiano Olivetti\u201d, che attinge profondamente alla filosofia olivettiana.<\/p>\n<p align=\"JUSTIFY\">L\u2019idea delle <b>Frazioteche<\/b>, punti di bookcrossing nelle frazioni per avvicinare la lettura anche ai cittadini pi\u00f9 lontani dal centro urbano.<\/p>\n<p align=\"JUSTIFY\">Il <b>Premio \u201cLibro d\u2019Artista\u201d<\/b>, pensato per valorizzare l\u2019oggetto-libro come opera d\u2019arte.<\/p>\n<p align=\"JUSTIFY\">L\u2019impegno a <b>rendere la lettura accessibile a tutti<\/b>, con strumenti inclusivi per le persone fragili e strategie pensate per coinvolgere i giovani anche attraverso smartphone e strumenti digitali.<\/p>\n<p align=\"JUSTIFY\">\n<p align=\"JUSTIFY\">Ha inoltre sottolineato come un altro punto di forza sia rappresentato dalla <b>valorizzazione di luoghi simbolici e spazi culturali cittadini<\/b>, tra cui il Castello, l\u2019antico Palazzo Municipale (futura sede della nuova Biblioteca), Palazzo Lomellini, il complesso di Sant\u2019Agostino (destinato ad accogliere il nuovo Archivio Storico), l\u2019Abbazia di Casanova, la Chiesa di San Filippo Neri (futuro teatro civico), e altri ancora, grazie a un grande lavoro dell\u2019Amministrazione per poter usufruire dei <b>finanziati del PNRR<\/b>.<\/p>\n<p align=\"JUSTIFY\">\n<p align=\"JUSTIFY\">La Casali ha infine condiviso alcune anticipazioni su eventi e iniziative principali che verranno realizzati nel corso del 2026 nel caso in cui Carmagnola venga selezionata come Capitale Italiana del Libro.<\/p>\n<p align=\"JUSTIFY\">\n<p align=\"JUSTIFY\">Durante la serata sono intervenuti anche rappresentanti di numerose associazioni cittadine, che hanno presentato le proprie proposte progettuali raccolte dal Comune nell\u2019ambito del percorso partecipativo. Le idee emerse saranno parte integrante del calendario di iniziative, a conferma del forte coinvolgimento della rete culturale del territorio nella costruzione della candidatura.<\/p>\n<p align=\"JUSTIFY\">\n<p align=\"JUSTIFY\">In chiusura, il Sindaco Ivana Gaveglio ha ribadito l\u2019orgoglio di presentare una candidatura che nasce dal basso, si fonda sull\u2019identit\u00e0 del territorio e punta a lasciare una traccia duratura nel tessuto culturale della citt\u00e0. Ha sottolineato che, anche qualora Carmagnola non dovesse risultare vincitrice del bando, la citt\u00e0 porter\u00e0 comunque avanti, lungo tutto il 2026, un progetto diffuso dedicato ai libri e alla lettura, senza nascondere che il premio per la citt\u00e0 vincitrice farebbe la differenza per una cittadina delle dimensioni di Carmagnola.<\/p>\n","protected":false},"excerpt":{"rendered":"","protected":false},"author":11,"featured_media":75033,"comment_status":"open","ping_status":"closed","sticky":false,"template":"","format":"standard","meta":[],"categories":[8],"tags":[],"news-destination":[],"news-source":[],"is_homepage":[581],"ta_other":[],"_links":{"self":[{"href":"https:\/\/www.ilmercoledi.news\/ilmercoledi\/news\/wp-json\/wp\/v2\/posts\/75034"}],"collection":[{"href":"https:\/\/www.ilmercoledi.news\/ilmercoledi\/news\/wp-json\/wp\/v2\/posts"}],"about":[{"href":"https:\/\/www.ilmercoledi.news\/ilmercoledi\/news\/wp-json\/wp\/v2\/types\/post"}],"author":[{"embeddable":true,"href":"https:\/\/www.ilmercoledi.news\/ilmercoledi\/news\/wp-json\/wp\/v2\/users\/11"}],"replies":[{"embeddable":true,"href":"https:\/\/www.ilmercoledi.news\/ilmercoledi\/news\/wp-json\/wp\/v2\/comments?post=75034"}],"version-history":[{"count":0,"href":"https:\/\/www.ilmercoledi.news\/ilmercoledi\/news\/wp-json\/wp\/v2\/posts\/75034\/revisions"}],"wp:featuredmedia":[{"embeddable":true,"href":"https:\/\/www.ilmercoledi.news\/ilmercoledi\/news\/wp-json\/wp\/v2\/media\/75033"}],"wp:attachment":[{"href":"https:\/\/www.ilmercoledi.news\/ilmercoledi\/news\/wp-json\/wp\/v2\/media?parent=75034"}],"wp:term":[{"taxonomy":"category","embeddable":true,"href":"https:\/\/www.ilmercoledi.news\/ilmercoledi\/news\/wp-json\/wp\/v2\/categories?post=75034"},{"taxonomy":"post_tag","embeddable":true,"href":"https:\/\/www.ilmercoledi.news\/ilmercoledi\/news\/wp-json\/wp\/v2\/tags?post=75034"},{"taxonomy":"news-destination","embeddable":true,"href":"https:\/\/www.ilmercoledi.news\/ilmercoledi\/news\/wp-json\/wp\/v2\/news-destination?post=75034"},{"taxonomy":"news-source","embeddable":true,"href":"https:\/\/www.ilmercoledi.news\/ilmercoledi\/news\/wp-json\/wp\/v2\/news-source?post=75034"},{"taxonomy":"is_homepage","embeddable":true,"href":"https:\/\/www.ilmercoledi.news\/ilmercoledi\/news\/wp-json\/wp\/v2\/is_homepage?post=75034"},{"taxonomy":"ta_other","embeddable":true,"href":"https:\/\/www.ilmercoledi.news\/ilmercoledi\/news\/wp-json\/wp\/v2\/ta_other?post=75034"}],"curies":[{"name":"wp","href":"https:\/\/api.w.org\/{rel}","templated":true}]}}