{"id":75111,"date":"2025-07-04T06:33:01","date_gmt":"2025-07-04T04:33:01","guid":{"rendered":"https:\/\/euwps06.newsmemory.com\/ilmercoledi\/news\/2025\/07\/04\/nichelino-via-torricelli-ostaggio-dei-rifiuti\/"},"modified":"2025-07-04T06:33:04","modified_gmt":"2024-09-07T06:33:04","slug":"nichelino-via-torricelli-ostaggio-dei-rifiuti","status":"publish","type":"post","link":"https:\/\/www.ilmercoledi.news\/2025\/07\/04\/nichelino-via-torricelli-ostaggio-dei-rifiuti\/","title":{"rendered":"NICHELINO &#8211; Via Torricelli ostaggio dei rifiuti"},"content":{"rendered":"<blockquote><p>Sempre pi\u00f9 critica la situazione rifiuti in via Torricelli, a Nichelino. Una delle strade pi\u00f9 complesse perch\u00e9 i cassonetti lungo la strada sono preda di chiunque passi di l\u00ec e butta rifiuti di ogni tipo in barba alla differenziata. Anche negli ultimi giorni lo stato delle cose \u00e9 sotto gli occhi di tutti. Una situazione mai risolta he continua a produrre proteste e problemi dal punto di vista del decoro e igienico.<\/p><\/blockquote>\n","protected":false},"excerpt":{"rendered":"","protected":false},"author":11,"featured_media":75110,"comment_status":"open","ping_status":"closed","sticky":false,"template":"","format":"standard","meta":[],"categories":[8],"tags":[],"news-destination":[],"news-source":[],"is_homepage":[581],"ta_other":[],"_links":{"self":[{"href":"https:\/\/www.ilmercoledi.news\/ilmercoledi\/news\/wp-json\/wp\/v2\/posts\/75111"}],"collection":[{"href":"https:\/\/www.ilmercoledi.news\/ilmercoledi\/news\/wp-json\/wp\/v2\/posts"}],"about":[{"href":"https:\/\/www.ilmercoledi.news\/ilmercoledi\/news\/wp-json\/wp\/v2\/types\/post"}],"author":[{"embeddable":true,"href":"https:\/\/www.ilmercoledi.news\/ilmercoledi\/news\/wp-json\/wp\/v2\/users\/11"}],"replies":[{"embeddable":true,"href":"https:\/\/www.ilmercoledi.news\/ilmercoledi\/news\/wp-json\/wp\/v2\/comments?post=75111"}],"version-history":[{"count":0,"href":"https:\/\/www.ilmercoledi.news\/ilmercoledi\/news\/wp-json\/wp\/v2\/posts\/75111\/revisions"}],"wp:featuredmedia":[{"embeddable":true,"href":"https:\/\/www.ilmercoledi.news\/ilmercoledi\/news\/wp-json\/wp\/v2\/media\/75110"}],"wp:attachment":[{"href":"https:\/\/www.ilmercoledi.news\/ilmercoledi\/news\/wp-json\/wp\/v2\/media?parent=75111"}],"wp:term":[{"taxonomy":"category","embeddable":true,"href":"https:\/\/www.ilmercoledi.news\/ilmercoledi\/news\/wp-json\/wp\/v2\/categories?post=75111"},{"taxonomy":"post_tag","embeddable":true,"href":"https:\/\/www.ilmercoledi.news\/ilmercoledi\/news\/wp-json\/wp\/v2\/tags?post=75111"},{"taxonomy":"news-destination","embeddable":true,"href":"https:\/\/www.ilmercoledi.news\/ilmercoledi\/news\/wp-json\/wp\/v2\/news-destination?post=75111"},{"taxonomy":"news-source","embeddable":true,"href":"https:\/\/www.ilmercoledi.news\/ilmercoledi\/news\/wp-json\/wp\/v2\/news-source?post=75111"},{"taxonomy":"is_homepage","embeddable":true,"href":"https:\/\/www.ilmercoledi.news\/ilmercoledi\/news\/wp-json\/wp\/v2\/is_homepage?post=75111"},{"taxonomy":"ta_other","embeddable":true,"href":"https:\/\/www.ilmercoledi.news\/ilmercoledi\/news\/wp-json\/wp\/v2\/ta_other?post=75111"}],"curies":[{"name":"wp","href":"https:\/\/api.w.org\/{rel}","templated":true}]}}