{"id":75155,"date":"2025-07-08T18:49:15","date_gmt":"2025-07-08T16:49:15","guid":{"rendered":"https:\/\/euwps06.newsmemory.com\/ilmercoledi\/news\/2025\/07\/08\/moncalieri-baby-rapinatori-cercano-rifugio-piazza-bengasi-dopo-il-colpo-ma-vengono-arrestati\/"},"modified":"2025-07-08T18:49:19","modified_gmt":"2024-09-11T18:49:19","slug":"moncalieri-baby-rapinatori-cercano-rifugio-piazza-bengasi-dopo-il-colpo-ma-vengono-arrestati","status":"publish","type":"post","link":"https:\/\/www.ilmercoledi.news\/2025\/07\/08\/moncalieri-baby-rapinatori-cercano-rifugio-piazza-bengasi-dopo-il-colpo-ma-vengono-arrestati\/","title":{"rendered":"MONCALIERI &#8211; Baby rapinatori cercano rifugio in piazza Bengasi dopo il colpo ma vengono arrestati"},"content":{"rendered":"<p>E\u2019 ritenuta uno dei principali poli dello spaccio dell\u2019area urbana torinese, ma piazza Bengasi, e tutta la sua area limitrofa a cavallo tra i territori comunali di Moncalieri e Torino, \u00e8 una \u00abterra di mezzo\u00bb anche per altri tipi di criminali, non a caso si rivela spesso teatro di atti criminosi che esulano dal mondo degli stupefacenti. E in alcuni frangenti torna utile anche ai malfattori che devono nascondersi. Per la serie: chi mai verr\u00e0 a cercarmi in un luogo cos\u00ec sorvegliato? La piazza infatti \u00e8 una delle zone rosse di Torino, quelle che scelta della Prefettura devono restare costantemente mei radar di carabinieri e polizia, tuttavia nei giorni scorsi due scippatori in fuga hanno scelto la piazza come \u00abporto sicuro\u00bb, forse perch\u00e9 pensavano di potersi mescolare facilmente tra i passanti e farla franca con gli agenti che gli stavano correndo dietro. Ma non \u00e8 affatto dentata cos\u00ec visto che sono stati rapidamente intercettati, fermati e arrestati.<\/p>\n","protected":false},"excerpt":{"rendered":"","protected":false},"author":10,"featured_media":75154,"comment_status":"open","ping_status":"closed","sticky":false,"template":"","format":"standard","meta":[],"categories":[395,34],"tags":[],"news-destination":[],"news-source":[],"is_homepage":[581],"ta_other":[],"_links":{"self":[{"href":"https:\/\/www.ilmercoledi.news\/ilmercoledi\/news\/wp-json\/wp\/v2\/posts\/75155"}],"collection":[{"href":"https:\/\/www.ilmercoledi.news\/ilmercoledi\/news\/wp-json\/wp\/v2\/posts"}],"about":[{"href":"https:\/\/www.ilmercoledi.news\/ilmercoledi\/news\/wp-json\/wp\/v2\/types\/post"}],"author":[{"embeddable":true,"href":"https:\/\/www.ilmercoledi.news\/ilmercoledi\/news\/wp-json\/wp\/v2\/users\/10"}],"replies":[{"embeddable":true,"href":"https:\/\/www.ilmercoledi.news\/ilmercoledi\/news\/wp-json\/wp\/v2\/comments?post=75155"}],"version-history":[{"count":0,"href":"https:\/\/www.ilmercoledi.news\/ilmercoledi\/news\/wp-json\/wp\/v2\/posts\/75155\/revisions"}],"wp:featuredmedia":[{"embeddable":true,"href":"https:\/\/www.ilmercoledi.news\/ilmercoledi\/news\/wp-json\/wp\/v2\/media\/75154"}],"wp:attachment":[{"href":"https:\/\/www.ilmercoledi.news\/ilmercoledi\/news\/wp-json\/wp\/v2\/media?parent=75155"}],"wp:term":[{"taxonomy":"category","embeddable":true,"href":"https:\/\/www.ilmercoledi.news\/ilmercoledi\/news\/wp-json\/wp\/v2\/categories?post=75155"},{"taxonomy":"post_tag","embeddable":true,"href":"https:\/\/www.ilmercoledi.news\/ilmercoledi\/news\/wp-json\/wp\/v2\/tags?post=75155"},{"taxonomy":"news-destination","embeddable":true,"href":"https:\/\/www.ilmercoledi.news\/ilmercoledi\/news\/wp-json\/wp\/v2\/news-destination?post=75155"},{"taxonomy":"news-source","embeddable":true,"href":"https:\/\/www.ilmercoledi.news\/ilmercoledi\/news\/wp-json\/wp\/v2\/news-source?post=75155"},{"taxonomy":"is_homepage","embeddable":true,"href":"https:\/\/www.ilmercoledi.news\/ilmercoledi\/news\/wp-json\/wp\/v2\/is_homepage?post=75155"},{"taxonomy":"ta_other","embeddable":true,"href":"https:\/\/www.ilmercoledi.news\/ilmercoledi\/news\/wp-json\/wp\/v2\/ta_other?post=75155"}],"curies":[{"name":"wp","href":"https:\/\/api.w.org\/{rel}","templated":true}]}}