{"id":75168,"date":"2025-07-09T08:16:10","date_gmt":"2025-07-09T06:16:10","guid":{"rendered":"https:\/\/euwps05.newsmemory.com\/ilmercoledi\/news\/2025\/07\/09\/moncalieri-candidata-capitale-della-cultura-2028-aperta-la-sfida-tra-25-comuni\/"},"modified":"2025-07-09T08:16:52","modified_gmt":"2025-07-09T06:16:52","slug":"moncalieri-candidata-capitale-della-cultura-2028-aperta-la-sfida-tra-25-comuni","status":"publish","type":"post","link":"https:\/\/www.ilmercoledi.news\/2025\/07\/09\/moncalieri-candidata-capitale-della-cultura-2028-aperta-la-sfida-tra-25-comuni\/","title":{"rendered":"Moncalieri candidata a Capitale della Cultura 2028, aperta la sfida tra 25 comuni"},"content":{"rendered":"<p>MONCALIERI &#8211; Sono 25 i Comuni italiani che hanno ufficialmente manifestato il proprio interesse a candidarsi al titolo di \u201cCapitale italiana della Cultura\u201d per l\u2019anno 2028. E tra di loro c\u2019\u00e8 anche Moncalieri, l\u2019unica citt\u00e0 del Piemonte che punta a questo riconoscimento. Siamo quindi giunti al primo passo formale per una sfida non facile per la citt\u00e0 del Proclama che dovr\u00e0 vedersela con diversi capoluoghi. Comunit\u00e0 unite da un unico obiettivo: investire nella cultura come motore di sviluppo, coesione sociale e rigenerazione urbana.<\/p>\n<p>Commenta l\u2019assessora alla cultura Parigi: \u201cSi tratta di una grande sfida per cui chiederemo aiuto alla Regione Piemonte ed alle Fondazioni per costruire, come stiamo gi\u00e0 facendo, un dossier che porti Moncalieri e il Piemonte a vincere. Certo c\u2019\u00e8 tanta concorrenza ma siamo convinti di ci\u00f2 che stiamo facendo e continueremo a lavorare a testa bassa per raggiungere l\u2019obiettivo\u201d.<\/p>\n<p>Queste le citt\u00e0 con cui Moncalieri dovr\u00e0 vedersela: Anagni (Lazio); Ancona (Marche), Bacoli (Campania), Benevento (Campania), Catania (Sicilia), Colle di Val d\u2019Elsa (Toscana), Fiesole (Toscana), Forl\u00ec (Emilia-Romagna), Galatina (Puglia), Gioia Tauro (Calabria), Gravina in Puglia (Puglia), Massa (Toscana), Melfi (Basilicata), Mirabella Eclano (Campania), Pieve di Soligo (Veneto), Pomezia (Lazio), Rozzano (Lombardia), Sala Consilina (Campania), Sarzana (Liguria) Sessa Aurunca (Campania), Tarquinia (Lazio), Unione dei comuni \u00abCitt\u00e0 Caudina\u00bb (Campania), Valeggio sul Mincio (Veneto), Vieste (Puglia).<\/p>\n<p>I Comuni che hanno presentato manifestazione di interesse saranno ora chiamati a formalizzare la loro candidatura predisponendo, entro il 25 settembre, un dossier di contenente il progetto culturale, le strategie di sviluppo territoriale, i soggetti coinvolti, il piano di sostenibilit\u00e0 economica e gli obiettivi attesi. La citt\u00e0 vincitrice sar\u00e0 infine proclamata entro marzo 2026.<\/p>\n<p>Maggiori informazioni sul giornale in edicola<\/p>\n","protected":false},"excerpt":{"rendered":"","protected":false},"author":7,"featured_media":75167,"comment_status":"open","ping_status":"closed","sticky":false,"template":"","format":"standard","meta":[],"categories":[34],"tags":[757,758,468,759],"news-destination":[],"news-source":[],"is_homepage":[581],"ta_other":[],"_links":{"self":[{"href":"https:\/\/www.ilmercoledi.news\/ilmercoledi\/news\/wp-json\/wp\/v2\/posts\/75168"}],"collection":[{"href":"https:\/\/www.ilmercoledi.news\/ilmercoledi\/news\/wp-json\/wp\/v2\/posts"}],"about":[{"href":"https:\/\/www.ilmercoledi.news\/ilmercoledi\/news\/wp-json\/wp\/v2\/types\/post"}],"author":[{"embeddable":true,"href":"https:\/\/www.ilmercoledi.news\/ilmercoledi\/news\/wp-json\/wp\/v2\/users\/7"}],"replies":[{"embeddable":true,"href":"https:\/\/www.ilmercoledi.news\/ilmercoledi\/news\/wp-json\/wp\/v2\/comments?post=75168"}],"version-history":[{"count":0,"href":"https:\/\/www.ilmercoledi.news\/ilmercoledi\/news\/wp-json\/wp\/v2\/posts\/75168\/revisions"}],"wp:featuredmedia":[{"embeddable":true,"href":"https:\/\/www.ilmercoledi.news\/ilmercoledi\/news\/wp-json\/wp\/v2\/media\/75167"}],"wp:attachment":[{"href":"https:\/\/www.ilmercoledi.news\/ilmercoledi\/news\/wp-json\/wp\/v2\/media?parent=75168"}],"wp:term":[{"taxonomy":"category","embeddable":true,"href":"https:\/\/www.ilmercoledi.news\/ilmercoledi\/news\/wp-json\/wp\/v2\/categories?post=75168"},{"taxonomy":"post_tag","embeddable":true,"href":"https:\/\/www.ilmercoledi.news\/ilmercoledi\/news\/wp-json\/wp\/v2\/tags?post=75168"},{"taxonomy":"news-destination","embeddable":true,"href":"https:\/\/www.ilmercoledi.news\/ilmercoledi\/news\/wp-json\/wp\/v2\/news-destination?post=75168"},{"taxonomy":"news-source","embeddable":true,"href":"https:\/\/www.ilmercoledi.news\/ilmercoledi\/news\/wp-json\/wp\/v2\/news-source?post=75168"},{"taxonomy":"is_homepage","embeddable":true,"href":"https:\/\/www.ilmercoledi.news\/ilmercoledi\/news\/wp-json\/wp\/v2\/is_homepage?post=75168"},{"taxonomy":"ta_other","embeddable":true,"href":"https:\/\/www.ilmercoledi.news\/ilmercoledi\/news\/wp-json\/wp\/v2\/ta_other?post=75168"}],"curies":[{"name":"wp","href":"https:\/\/api.w.org\/{rel}","templated":true}]}}