{"id":75218,"date":"2025-07-10T12:13:27","date_gmt":"2025-07-10T10:13:27","guid":{"rendered":"https:\/\/euwps06.newsmemory.com\/ilmercoledi\/news\/2025\/07\/10\/casa-delle-donne-di-poirino-venerdi-11-luglio-presidio-della-cgil-davanti-al-comune\/"},"modified":"2025-07-10T16:43:46","modified_gmt":"2024-09-13T16:43:46","slug":"casa-delle-donne-di-poirino-venerdi-11-luglio-presidio-della-cgil-davanti-al-comune","status":"publish","type":"post","link":"https:\/\/www.ilmercoledi.news\/2025\/07\/10\/casa-delle-donne-di-poirino-venerdi-11-luglio-presidio-della-cgil-davanti-al-comune\/","title":{"rendered":"Casa delle Donne di Poirino: venerd\u00ec 11 luglio presidio della CGIL davanti al Comune"},"content":{"rendered":"<p>I sindacati si mobilitano per la Casa delle Donne di Poirino: venerd\u00ec 11 luglio la CGIL sar\u00e0 davanti al municipio di Poirino con un presidio dalle 10 alle 12.<\/p>\n<p><strong>Contro lo sgombero della Casa delle Donne<\/strong><\/p>\n<p>La ragione del presidio la spiegano gli stessi organizzatori in un comunicato: \u201cIl Comune ha deciso di chiudere la Casa delle Donne, importante presidio di protezione, ascolto e supporto per donne che subiscono violenza di genere. All\u2019interno della struttura vi era una ospite, che aveva intrapreso il percorso di ricostruzione della propria vita e che stava effettuando un tirocinio lavorativo, nella speranza di costruirsi un\u2019indipendenza economica. Questa decisione ha determinato il conseguente ritorno della donna alla casa di protezione e l\u2019interruzione del tirocinio\u201d.<\/p>\n<p>Nei giorni scorsi CGIL CISL e UIL avevano scritto al sindaco Nicholas Padalino per un incontro sulla situazione che ha visto lo sgombero dello spazio in via Indipendenza, ricevendo in risposta il link dell&#8217;ultimo Consiglio comunale, in cui si \u00e8 parlato della questione.<\/p>\n<p>Proseguono dalla CGIL: \u201cAl netto delle motivazioni che portano a questa decisione della giunta guidata dal sindaco Padalino, troviamo inaudita la determinazione con la quale si \u00e8 interrotto un percorso di questo calibro, al punto di non concedere neanche una breve proroga allo sfratto per permettere la conclusione del tirocinio\u201d.<\/p>\n<p>\u201cInoltre, a oggi &#8211; concludono &#8211; la sede da destinare alla Cooperativa che gestisce casi simili nel Chierese sarebbe individuata in locali attualmente inagibili e in stato di abbandono: un altro esplicito segnale di superficialit\u00e0 al problema della violenza sulle donne\u201d.<\/p>\n<p>Il caso della Casa delle Donne \u00e8 giunto anche n Regione, dove la consigliera regionale di AVS Valentina Cera commenta: \u201cSi sfratta cos\u00ec una donna vittima di violenza che stava conducendo il suo percorso di ricostruzione della sua vita dopo la violenza subita, con un tirocinio formazione lavoro sul territorio, seguita dalla cooperativa Mirafiori con cui il Comune ha una convenzione in corso per l\u2019utilizzo di quello spazio. Chiudere gli spazi dedicati alle donne, restringere i nostri diritti sembra essere la stella polare dell\u2019azione di governo di questa destra sia in Regione Piemonte che nei Comuni da loro guidati. Al di l\u00e0 dei proclami e delle parole non si investe in politiche di prevenzione e contrasto della violenza di genere e in questo caso addirittura di chiude la Casa delle Donne di un paese di provincia, lasciando il territorio orfano di questo importante presidio e chiudendo le porte al futuro lontano dalla violenza di una donna vittima\u201d.<\/p>\n<p><strong>La replica del sindaco<\/strong><\/p>\n<p>\u201cMi spiace, non potr\u00f2 ricevere i manifestanti perch\u00e9 sar\u00f2 insieme a una famiglia poirinese che sta vivendo un momento molto difficile e delicato\u201d, replica il sindaco Nicholas Padalino. Il riferimento \u00e8 all\u2019ennesima disgrazia, l\u2019incidente stradale di inizio settimana sull\u2019ex statale 29, che ha colpito il paese in pochi giorni.<\/p>\n<p>Riprende Padalino: \u201cSenza contare che qui si stanno confondendo i concetti di Casa delle Donne e casa rifugio. La prima \u00e8 una realt\u00e0 nata alcuni anni fa con una convenzione che prevedeva laboratori e attivit\u00e0 per due giorni a settimana, in uno stabile condiviso anche con altre associazioni. La seconda \u00e8 un alloggio a uso abitativo e stabile, un qualcosa che ad oggi a Poirino non c&#8217;\u00e8: il locale in via Indipendenza infatti non pu\u00f2 essere casa rifugio, non ha la doccia e non ha nemmeno l\u2019uso abitativo&#8221;. Aggiunge: \u201cUn conto \u00e8 l\u2019emergenza, ma non avremmo potuto autorizzare quello che di fatto era un uso stabilmente improprio. Che peraltro non era nemmeno stato comunicato al Comune\u201d. Prosegue: \u201cRispetto alla situazione della persona ospitata, nessuno \u00e8 stato \u00ablasciato sulla strada\u00bb, anzi. Abbiamo proposto due alloggi alternativi messi a disposizione da privati, e abbiamo proposto un\u2019altra sede anche per la cooperativa. Abbiamo avvisato gli interessati con largo anticipo. Le nostre proposte non sono state accettate\u201d.<\/p>\n<p>Quindi, a Poirino ci sar\u00e0 una casa rifugio oppure no? \u201cAd oggi non c\u2019\u00e8 mai stata. Ci stiamo impegnando per trovare locali idonei e sistemarli con un progetto apposito. Intanto abbiamo attivato da alcuni mesi uno sportello di ascolto psicologico e legale, perch\u00e9 il servizio di assistenza alle donne vittime di violenza don venga mai a mancare\u201d.<\/p>\n","protected":false},"excerpt":{"rendered":"","protected":false},"author":4,"featured_media":15542,"comment_status":"open","ping_status":"closed","sticky":false,"template":"","format":"standard","meta":[],"categories":[8],"tags":[],"news-destination":[],"news-source":[],"is_homepage":[581],"ta_other":[],"_links":{"self":[{"href":"https:\/\/www.ilmercoledi.news\/ilmercoledi\/news\/wp-json\/wp\/v2\/posts\/75218"}],"collection":[{"href":"https:\/\/www.ilmercoledi.news\/ilmercoledi\/news\/wp-json\/wp\/v2\/posts"}],"about":[{"href":"https:\/\/www.ilmercoledi.news\/ilmercoledi\/news\/wp-json\/wp\/v2\/types\/post"}],"author":[{"embeddable":true,"href":"https:\/\/www.ilmercoledi.news\/ilmercoledi\/news\/wp-json\/wp\/v2\/users\/4"}],"replies":[{"embeddable":true,"href":"https:\/\/www.ilmercoledi.news\/ilmercoledi\/news\/wp-json\/wp\/v2\/comments?post=75218"}],"version-history":[{"count":1,"href":"https:\/\/www.ilmercoledi.news\/ilmercoledi\/news\/wp-json\/wp\/v2\/posts\/75218\/revisions"}],"predecessor-version":[{"id":75219,"href":"https:\/\/www.ilmercoledi.news\/ilmercoledi\/news\/wp-json\/wp\/v2\/posts\/75218\/revisions\/75219"}],"wp:featuredmedia":[{"embeddable":true,"href":"https:\/\/www.ilmercoledi.news\/ilmercoledi\/news\/wp-json\/wp\/v2\/media\/15542"}],"wp:attachment":[{"href":"https:\/\/www.ilmercoledi.news\/ilmercoledi\/news\/wp-json\/wp\/v2\/media?parent=75218"}],"wp:term":[{"taxonomy":"category","embeddable":true,"href":"https:\/\/www.ilmercoledi.news\/ilmercoledi\/news\/wp-json\/wp\/v2\/categories?post=75218"},{"taxonomy":"post_tag","embeddable":true,"href":"https:\/\/www.ilmercoledi.news\/ilmercoledi\/news\/wp-json\/wp\/v2\/tags?post=75218"},{"taxonomy":"news-destination","embeddable":true,"href":"https:\/\/www.ilmercoledi.news\/ilmercoledi\/news\/wp-json\/wp\/v2\/news-destination?post=75218"},{"taxonomy":"news-source","embeddable":true,"href":"https:\/\/www.ilmercoledi.news\/ilmercoledi\/news\/wp-json\/wp\/v2\/news-source?post=75218"},{"taxonomy":"is_homepage","embeddable":true,"href":"https:\/\/www.ilmercoledi.news\/ilmercoledi\/news\/wp-json\/wp\/v2\/is_homepage?post=75218"},{"taxonomy":"ta_other","embeddable":true,"href":"https:\/\/www.ilmercoledi.news\/ilmercoledi\/news\/wp-json\/wp\/v2\/ta_other?post=75218"}],"curies":[{"name":"wp","href":"https:\/\/api.w.org\/{rel}","templated":true}]}}