{"id":75505,"date":"2025-07-22T15:03:16","date_gmt":"2025-07-22T13:03:16","guid":{"rendered":"https:\/\/euwps06.newsmemory.com\/ilmercoledi\/news\/2025\/07\/22\/avviato-il-restauro-della-gran-madre\/"},"modified":"2025-07-22T15:03:19","modified_gmt":"2024-09-25T15:03:19","slug":"avviato-il-restauro-della-gran-madre","status":"publish","type":"post","link":"https:\/\/www.ilmercoledi.news\/2025\/07\/22\/avviato-il-restauro-della-gran-madre\/","title":{"rendered":"Avviato il restauro della Gran Madre"},"content":{"rendered":"<p><b>Sono partiti nei giorni scorsi le opere di restauro della facciata della Chiesa della\u00a0 Gran Madre<\/b>, intervento che nasce con l\u2019obiettivo di riportarla alla sua originaria bellezza, nel pieno rispetto dell\u2019identit\u00e0 storica e materica dell\u2019edificio.<\/p>\n<p>Il restauro, che garantir\u00e0 la continuit\u00e0 di utilizzo della Chiesa, sar\u00e0 <strong>a costo zero per l\u2019amministrazione Comunale e interamente sponsorizzato dalla societ\u00e0 ONE srl<\/strong>, che sfrutter\u00e0 i diritti pubblicitari.<\/p>\n<p>Il restauro, che si stima in <strong>12 mesi di lavoro, interesser\u00e0 complessivamente 1.072 mq di superfici<\/strong> <strong>lapidee inclusi i gruppi scultorei, 183 mq di intonaci e 318 mq di stucchi<\/strong>. Inoltre, sono previsti interventi specifici per la pavimentazione in pietra in prossimit\u00e0 dell\u2019ingresso, la bussola lignea, le gronde e i discendenti del protiro e per la sua copertura.<\/p>\n<p>\u201cIl restauro di monumenti rappresenta uno degli esempi virtuosi di collaborazione tra pubblico e privato ed \u00e8 un modello sempre pi\u00f9 utilizzato in Italia per la gestione e la fruizione del patrimonio culturale.\u201d &#8211; commenta la <strong>Vicesindaca Michela Favaro<\/strong> \u2013 \u201cQuesta sinergia che coinvolge Comuni, sponsor e ditte di restauro \u00e8 di grande importanza per la comunit\u00e0, laddove gli interventi che si realizzano contribuiscono a salvaguardare un bene storico artistico che fa parte della nostra identit\u00e0 e concorrono al decoro ed alla vivibilit\u00e0 della nostra citt\u00e0.\u201d<\/p>\n<p>\u201cSiamo orgogliosi di restaurare un bene cos\u00ec prestigioso e iconico per la Citt\u00e0 di Torino. L\u2019anno prossimo ci vedr\u00e0 protagonisti di diversi restauri nelle principali piazze italiane perseguendo la nostra missione del supportare il mantenimento delle nostre Citt\u00e0\u201d dichiara <strong>Emanuele Anselmi, Amministratore di One Srl<\/strong>.<\/p>\n<p>Colonne, capitelli, cornici, fregi e sculture in pietra saranno oggetto di un intervento articolato per ristabilire la coesione materica e per rimuovere incrostazioni e depositi, nel rispetto delle caratteristiche originarie. Le porzioni pi\u00f9 bisognose di intervento saranno reintegrate con malte compatibili o tasselli in pietra lavorati a mano, e a seguire la revisione cromatica armonizzer\u00e0 le integrazioni con il materiale esistente.<\/p>\n<p>Le superfici in stucco e intonaco \u2014 tra cui le cornici decorate, le volte e i cassettonati del protiro \u2014 saranno restaurate con interventi mirati alla protezione e al recupero dell\u2019unit\u00e0 visiva delle decorazioni. Dopo una delicata pulitura e il consolidamento delle parti fragili, si proceder\u00e0 con integrazioni localizzate, seguite dall\u2019applicazione di un protettivo finale trasparente e traspirante.<\/p>\n<p>Anche gli elementi lignei, come il portone e la bussola interna, saranno restaurati. Il trattamento prevede la rimozione delle vernici alterate, il ripristino della stabilit\u00e0 strutturale e l\u2019integrazione delle parti bisognose con materiali compatibili, fino alla stesura finale di protettivi naturali o idonei per esterni.<\/p>\n<p>Infine, i <strong>gruppi scultorei in marmo posti alla base della scalinata di accesso<\/strong> saranno sottoposti a un intervento specialistico, che prevede <strong>l\u2019impiego di nanocalce, un prodotto minerale innovativo sviluppato dall\u2019Universit\u00e0 dell\u2019Aquila<\/strong>, capace di penetrare in profondit\u00e0 nei micro-vuoti del marmo e di consolidarne la struttura in modo duraturo e traspirante. Il protocollo adottato si basa sulle pi\u00f9 recenti ricerche in ambito conservativo per restituire alla Citt\u00e0 uno dei monumenti pi\u00f9 simbolici e significativi per i torinesi.<\/p>\n<p>&nbsp;<\/p>\n","protected":false},"excerpt":{"rendered":"","protected":false},"author":7,"featured_media":75504,"comment_status":"open","ping_status":"closed","sticky":false,"template":"","format":"standard","meta":[],"categories":[34],"tags":[],"news-destination":[],"news-source":[],"is_homepage":[581],"ta_other":[],"_links":{"self":[{"href":"https:\/\/www.ilmercoledi.news\/ilmercoledi\/news\/wp-json\/wp\/v2\/posts\/75505"}],"collection":[{"href":"https:\/\/www.ilmercoledi.news\/ilmercoledi\/news\/wp-json\/wp\/v2\/posts"}],"about":[{"href":"https:\/\/www.ilmercoledi.news\/ilmercoledi\/news\/wp-json\/wp\/v2\/types\/post"}],"author":[{"embeddable":true,"href":"https:\/\/www.ilmercoledi.news\/ilmercoledi\/news\/wp-json\/wp\/v2\/users\/7"}],"replies":[{"embeddable":true,"href":"https:\/\/www.ilmercoledi.news\/ilmercoledi\/news\/wp-json\/wp\/v2\/comments?post=75505"}],"version-history":[{"count":0,"href":"https:\/\/www.ilmercoledi.news\/ilmercoledi\/news\/wp-json\/wp\/v2\/posts\/75505\/revisions"}],"wp:featuredmedia":[{"embeddable":true,"href":"https:\/\/www.ilmercoledi.news\/ilmercoledi\/news\/wp-json\/wp\/v2\/media\/75504"}],"wp:attachment":[{"href":"https:\/\/www.ilmercoledi.news\/ilmercoledi\/news\/wp-json\/wp\/v2\/media?parent=75505"}],"wp:term":[{"taxonomy":"category","embeddable":true,"href":"https:\/\/www.ilmercoledi.news\/ilmercoledi\/news\/wp-json\/wp\/v2\/categories?post=75505"},{"taxonomy":"post_tag","embeddable":true,"href":"https:\/\/www.ilmercoledi.news\/ilmercoledi\/news\/wp-json\/wp\/v2\/tags?post=75505"},{"taxonomy":"news-destination","embeddable":true,"href":"https:\/\/www.ilmercoledi.news\/ilmercoledi\/news\/wp-json\/wp\/v2\/news-destination?post=75505"},{"taxonomy":"news-source","embeddable":true,"href":"https:\/\/www.ilmercoledi.news\/ilmercoledi\/news\/wp-json\/wp\/v2\/news-source?post=75505"},{"taxonomy":"is_homepage","embeddable":true,"href":"https:\/\/www.ilmercoledi.news\/ilmercoledi\/news\/wp-json\/wp\/v2\/is_homepage?post=75505"},{"taxonomy":"ta_other","embeddable":true,"href":"https:\/\/www.ilmercoledi.news\/ilmercoledi\/news\/wp-json\/wp\/v2\/ta_other?post=75505"}],"curies":[{"name":"wp","href":"https:\/\/api.w.org\/{rel}","templated":true}]}}