{"id":75557,"date":"2025-07-23T16:41:52","date_gmt":"2025-07-23T14:41:52","guid":{"rendered":"https:\/\/euwps05.newsmemory.com\/ilmercoledi\/news\/2025\/07\/23\/castagneto-po-riapre-la-sp-103\/"},"modified":"2025-07-23T16:42:41","modified_gmt":"2025-07-23T14:42:41","slug":"castagneto-po-riapre-la-sp-103","status":"publish","type":"post","link":"https:\/\/www.ilmercoledi.news\/2025\/07\/23\/castagneto-po-riapre-la-sp-103\/","title":{"rendered":"A Castagneto Po riapre la SP 103"},"content":{"rendered":"\r\n<p>A Castagneto Po ha riaperto la strada provinciale 103, chiusa per poter riparare i danni dell\u2019alluvione di aprile, rendendo appunto la via di nuovo percorribile.<br \/>Spiegano in proposito da Citt\u00e0 Metropolitana: \u201cI lavori eseguiti con procedura di somma urgenza dalla Direzione Viabilit\u00e0 1 della Citt\u00e0 Metropolitana di Torino sono costati 250.000 euro e sono consistiti nel consolidamento della scarpata a valle della SP 103. Per ovviare alla frana a valle della Provinciale 103 al km 7+350, per un\u2019estensione di una trentina di metri \u00e8 stata realizzata una cortina di micropali lunghi 9 metri con la testa inglobata in un cordolo in cemento armato. \u00c8 stata poi realizzata una terra rinforzata soprastante, che ha permesso la ricostruzione del corpo stradale. \u00c8 stato ricostruito l\u2019arginello e sono state posizionate nuove barriere per una lunghezza di circa 80 metri\u201d.<\/p>\r\n<p>&nbsp;<\/p>\r\n<p><a href=\"https:\/\/www.ilmercoledi.news\/ilmercoledi\/news\/wp-content\/uploads\/sites\/3\/2025\/07\/lavori_ripristino_SP_103_Castagneto-Po-07_2025_3.jpeg\"><img alt=\"A Castagneto Po riapre la SP 103\" title=\"A Castagneto Po riapre la SP 103\" loading=\"lazy\" class=\"size-large wp-image-80306\" src=\"https:\/\/www.ilmercoledi.news\/ilmercoledi\/news\/wp-content\/uploads\/sites\/3\/2025\/07\/lavori_ripristino_SP_103_Castagneto-Po-07_2025_3-576x1024.jpeg\" alt=\"\" width=\"576\" height=\"1024\" \/><\/a> <a href=\"https:\/\/www.ilmercoledi.news\/ilmercoledi\/news\/wp-content\/uploads\/sites\/3\/2025\/07\/lavori_ripristino_SP_103_Castagneto-Po-07_2025_2.jpeg\"><img alt=\"A Castagneto Po riapre la SP 103\" title=\"A Castagneto Po riapre la SP 103\" loading=\"lazy\" class=\"size-large wp-image-80308\" src=\"https:\/\/www.ilmercoledi.news\/ilmercoledi\/news\/wp-content\/uploads\/sites\/3\/2025\/07\/lavori_ripristino_SP_103_Castagneto-Po-07_2025_2-768x1024.jpeg\" alt=\"\" width=\"640\" height=\"853\" \/><\/a><\/p>\r\n","protected":false},"excerpt":{"rendered":"","protected":false},"author":4,"featured_media":75542,"comment_status":"open","ping_status":"closed","sticky":false,"template":"","format":"standard","meta":[],"categories":[311],"tags":[],"news-destination":[],"news-source":[],"is_homepage":[],"ta_other":[],"_links":{"self":[{"href":"https:\/\/www.ilmercoledi.news\/ilmercoledi\/news\/wp-json\/wp\/v2\/posts\/75557"}],"collection":[{"href":"https:\/\/www.ilmercoledi.news\/ilmercoledi\/news\/wp-json\/wp\/v2\/posts"}],"about":[{"href":"https:\/\/www.ilmercoledi.news\/ilmercoledi\/news\/wp-json\/wp\/v2\/types\/post"}],"author":[{"embeddable":true,"href":"https:\/\/www.ilmercoledi.news\/ilmercoledi\/news\/wp-json\/wp\/v2\/users\/4"}],"replies":[{"embeddable":true,"href":"https:\/\/www.ilmercoledi.news\/ilmercoledi\/news\/wp-json\/wp\/v2\/comments?post=75557"}],"version-history":[{"count":0,"href":"https:\/\/www.ilmercoledi.news\/ilmercoledi\/news\/wp-json\/wp\/v2\/posts\/75557\/revisions"}],"wp:featuredmedia":[{"embeddable":true,"href":"https:\/\/www.ilmercoledi.news\/ilmercoledi\/news\/wp-json\/wp\/v2\/media\/75542"}],"wp:attachment":[{"href":"https:\/\/www.ilmercoledi.news\/ilmercoledi\/news\/wp-json\/wp\/v2\/media?parent=75557"}],"wp:term":[{"taxonomy":"category","embeddable":true,"href":"https:\/\/www.ilmercoledi.news\/ilmercoledi\/news\/wp-json\/wp\/v2\/categories?post=75557"},{"taxonomy":"post_tag","embeddable":true,"href":"https:\/\/www.ilmercoledi.news\/ilmercoledi\/news\/wp-json\/wp\/v2\/tags?post=75557"},{"taxonomy":"news-destination","embeddable":true,"href":"https:\/\/www.ilmercoledi.news\/ilmercoledi\/news\/wp-json\/wp\/v2\/news-destination?post=75557"},{"taxonomy":"news-source","embeddable":true,"href":"https:\/\/www.ilmercoledi.news\/ilmercoledi\/news\/wp-json\/wp\/v2\/news-source?post=75557"},{"taxonomy":"is_homepage","embeddable":true,"href":"https:\/\/www.ilmercoledi.news\/ilmercoledi\/news\/wp-json\/wp\/v2\/is_homepage?post=75557"},{"taxonomy":"ta_other","embeddable":true,"href":"https:\/\/www.ilmercoledi.news\/ilmercoledi\/news\/wp-json\/wp\/v2\/ta_other?post=75557"}],"curies":[{"name":"wp","href":"https:\/\/api.w.org\/{rel}","templated":true}]}}