{"id":75691,"date":"2025-07-28T21:05:41","date_gmt":"2025-07-28T19:05:41","guid":{"rendered":"https:\/\/euwps05.newsmemory.com\/ilmercoledi\/news\/2025\/07\/28\/coldiretti-contro-dazi-di-trump-lagricoltura-ha-bisogno-di-compensazioni\/"},"modified":"2025-07-28T21:06:30","modified_gmt":"2025-07-28T19:06:30","slug":"coldiretti-contro-dazi-di-trump-lagricoltura-ha-bisogno-di-compensazioni","status":"publish","type":"post","link":"https:\/\/www.ilmercoledi.news\/2025\/07\/28\/coldiretti-contro-dazi-di-trump-lagricoltura-ha-bisogno-di-compensazioni\/","title":{"rendered":"COLDIRETTI &#8211; &#8216;Contro i dazi di Trump l&#8217;agricoltura ha bisogno di compensazioni&#8217;"},"content":{"rendered":"<p>L\u2019incertezza sull\u2019entit\u00e0 dei dazi USA sul settore agroalimentare sta penalizzando l\u2019agricoltura torinese proprio mentre si avvia la stagione dei raccolti con il vino, la frutta, le nocciole che potrebbero essere pesantemente penalizzati insieme ai formaggi DOP e alla carne di Razza piemontese.<\/p>\n<p>\u00abNon sappiamo ancora quali prodotti agricoli beneficeranno dei \u201cdazi zero\u201d ma gi\u00e0 l\u2019accordo sul 15% desta non poche preoccupazioni\u00bb osserva il presidente di Coldiretti Torino, Bruno Mecca Cici.<\/p>\n<p>\u00abL\u2019accordo con tariffe al 15% \u00e8 sicuramente migliorativo rispetto all\u2019ipotesi iniziale del 30% che avrebbe causato danni enormi per l\u2019agroalimentare torinese. L\u2019agricoltura torinese sta vivendo un momento difficilissimo a causa del cambiamento climatico, con gli effetti di un meteo impazzito e di nuovi parassiti e malattie. Sta subendo il \u201cland grabbing\u201d da parte della speculazione energetica che fa incetta di terre fertili per il fotovoltaico, sta facendo i conti con il consumo di suolo, con la demonizzazione degli allevamenti, con gli attacchi alla cultura del vino. Ora per i comparti che saranno gravati dai dazi \u00e8 necessario lavorare per compensazioni europee ma anche compensazioni locali. Quando si dichiara che si vuole difendere la nostra agricoltura lo si deve fare all\u2019interno di ogni provvedimento anche per settori apparentemente distanti come un \u201cPiano della qualit\u00e0 dell\u2019aria\u201d dove si chiedono alle nostre stalle investimenti ingenti per strutture di copertura delle platee del letame di dubbia efficacia\u00bb.<\/p>\n<p>L\u2019agricoltura torinese esporta negli USA oltre il 30% dei vini DOCG. I vini pi\u00f9 richiesti dagli americani sono il Freisa, il Carema e l\u2019Erbaluce spumante; ma vengono esportati negli Stati Uniti anche i vini eroici del Pinerolese e della valle di Susa. Anche una quota di frutta pinerolese (mele, pere, pesche) va a finire sugli scaffali americani, mentre altri prodotti sono interessati indirettamente come le nocciole e il latte da contratto di filiera che vengono utilizzati dall\u2019industria dolciaria che esporta a sua volta negli USA. Un export per un valore complessivo di circa 300 milioni.<\/p>\n<p>Per tutto il Piemonte, la quota di export agroalimentare verso gli USA \u00e8 del 13% sul totale; una quota che nel 2024 risultava in crescita di oltre i 3,5% per un valore di oltre 4,1 miliardi di euro.<\/p>\n<p>\u00abQuello che non dobbiamo assolutamente perdere \u2013 aggiunge il direttore di Coldiretti Torino Carlo Loffreda &#8211; \u00e8 questa consolidata propensione dei nostri produttori ad avere uno sguardo internazionale. Non dobbiamo assolutamente richiuderci in noi stessi e guardare solo alle vendite in Italia. Diversificare i mercati \u00e8 diventato vitale, cos\u00ec come \u00e8 sempre pi\u00f9 importante che sia favorita la vendita diretta da parte delle aziende agricole utilizzando gli strumenti pi\u00f9 moderni. I nostri uffici sono a disposizione per indirizzare le aziende agricole verso uno sguardo sempre pi\u00f9 internazionale\u00bb.<\/p>\n","protected":false},"excerpt":{"rendered":"","protected":false},"author":11,"featured_media":1982,"comment_status":"open","ping_status":"closed","sticky":false,"template":"","format":"standard","meta":[],"categories":[8],"tags":[],"news-destination":[],"news-source":[],"is_homepage":[581],"ta_other":[],"_links":{"self":[{"href":"https:\/\/www.ilmercoledi.news\/ilmercoledi\/news\/wp-json\/wp\/v2\/posts\/75691"}],"collection":[{"href":"https:\/\/www.ilmercoledi.news\/ilmercoledi\/news\/wp-json\/wp\/v2\/posts"}],"about":[{"href":"https:\/\/www.ilmercoledi.news\/ilmercoledi\/news\/wp-json\/wp\/v2\/types\/post"}],"author":[{"embeddable":true,"href":"https:\/\/www.ilmercoledi.news\/ilmercoledi\/news\/wp-json\/wp\/v2\/users\/11"}],"replies":[{"embeddable":true,"href":"https:\/\/www.ilmercoledi.news\/ilmercoledi\/news\/wp-json\/wp\/v2\/comments?post=75691"}],"version-history":[{"count":0,"href":"https:\/\/www.ilmercoledi.news\/ilmercoledi\/news\/wp-json\/wp\/v2\/posts\/75691\/revisions"}],"wp:featuredmedia":[{"embeddable":true,"href":"https:\/\/www.ilmercoledi.news\/ilmercoledi\/news\/wp-json\/wp\/v2\/media\/1982"}],"wp:attachment":[{"href":"https:\/\/www.ilmercoledi.news\/ilmercoledi\/news\/wp-json\/wp\/v2\/media?parent=75691"}],"wp:term":[{"taxonomy":"category","embeddable":true,"href":"https:\/\/www.ilmercoledi.news\/ilmercoledi\/news\/wp-json\/wp\/v2\/categories?post=75691"},{"taxonomy":"post_tag","embeddable":true,"href":"https:\/\/www.ilmercoledi.news\/ilmercoledi\/news\/wp-json\/wp\/v2\/tags?post=75691"},{"taxonomy":"news-destination","embeddable":true,"href":"https:\/\/www.ilmercoledi.news\/ilmercoledi\/news\/wp-json\/wp\/v2\/news-destination?post=75691"},{"taxonomy":"news-source","embeddable":true,"href":"https:\/\/www.ilmercoledi.news\/ilmercoledi\/news\/wp-json\/wp\/v2\/news-source?post=75691"},{"taxonomy":"is_homepage","embeddable":true,"href":"https:\/\/www.ilmercoledi.news\/ilmercoledi\/news\/wp-json\/wp\/v2\/is_homepage?post=75691"},{"taxonomy":"ta_other","embeddable":true,"href":"https:\/\/www.ilmercoledi.news\/ilmercoledi\/news\/wp-json\/wp\/v2\/ta_other?post=75691"}],"curies":[{"name":"wp","href":"https:\/\/api.w.org\/{rel}","templated":true}]}}