{"id":75702,"date":"2025-07-28T21:26:27","date_gmt":"2025-07-28T19:26:27","guid":{"rendered":"https:\/\/euwps06.newsmemory.com\/ilmercoledi\/news\/2025\/07\/28\/nichelino-addio-piero-floreno-affetto-da-sla-e-nominato-cavaliere-da-mattarella\/"},"modified":"2025-07-28T21:26:36","modified_gmt":"2024-10-01T21:26:36","slug":"nichelino-addio-piero-floreno-affetto-da-sla-e-nominato-cavaliere-da-mattarella","status":"publish","type":"post","link":"https:\/\/www.ilmercoledi.news\/2025\/07\/28\/nichelino-addio-piero-floreno-affetto-da-sla-e-nominato-cavaliere-da-mattarella\/","title":{"rendered":"NICHELINO &#8211; Addio a Piero Floreno, affetto da Sla e nominato cavaliere da Mattarella"},"content":{"rendered":"<p>Nichelino dice addio a Piero Floreno, diventato un simbolo della lotta alla Sla e di generosit\u00e0. &#8220;Nel pieno della pandemia &#8211; ricorda il sindaco Giampiero Tolardo -,\u00a0 seguito dal centro di Neurologia universitaria diretto dal prof. Adriano Chi\u00f2, comp\u00ec un gesto straordinario: propose di donare il suo secondo respiratore all\u2019ospedale, pur consapevole dei rischi enormi per la sua stessa vita. Una scelta di generosit\u00e0 e coraggio che non solo commosse tutti, ma diede il via a una raccolta fondi che permise, nelle settimane successive, l\u2019acquisto e la donazione di un nuovo macchinario salvavita. Per quell\u2019atto cos\u00ec potente e simbolico, nell\u2019estate del 2020 il Presidente della Repubblica Sergio Mattarella gli confer\u00ec l\u2019onorificenza di Cavaliere al Merito. Oggi Piero non \u00e8 pi\u00f9 con noi, ma ci lascia un\u2019eredit\u00e0 che va ben oltre le parole: il suo gesto resta un insegnamento profondo, un invito a mettere la solidariet\u00e0 e il bene comune davanti a tutto, anche nei momenti pi\u00f9 difficili&#8221;.<\/p>\n<p>&nbsp;<\/p>\n<p>&nbsp;<\/p>\n","protected":false},"excerpt":{"rendered":"","protected":false},"author":11,"featured_media":75701,"comment_status":"open","ping_status":"closed","sticky":false,"template":"","format":"standard","meta":[],"categories":[8],"tags":[],"news-destination":[],"news-source":[],"is_homepage":[581],"ta_other":[],"_links":{"self":[{"href":"https:\/\/www.ilmercoledi.news\/ilmercoledi\/news\/wp-json\/wp\/v2\/posts\/75702"}],"collection":[{"href":"https:\/\/www.ilmercoledi.news\/ilmercoledi\/news\/wp-json\/wp\/v2\/posts"}],"about":[{"href":"https:\/\/www.ilmercoledi.news\/ilmercoledi\/news\/wp-json\/wp\/v2\/types\/post"}],"author":[{"embeddable":true,"href":"https:\/\/www.ilmercoledi.news\/ilmercoledi\/news\/wp-json\/wp\/v2\/users\/11"}],"replies":[{"embeddable":true,"href":"https:\/\/www.ilmercoledi.news\/ilmercoledi\/news\/wp-json\/wp\/v2\/comments?post=75702"}],"version-history":[{"count":0,"href":"https:\/\/www.ilmercoledi.news\/ilmercoledi\/news\/wp-json\/wp\/v2\/posts\/75702\/revisions"}],"wp:featuredmedia":[{"embeddable":true,"href":"https:\/\/www.ilmercoledi.news\/ilmercoledi\/news\/wp-json\/wp\/v2\/media\/75701"}],"wp:attachment":[{"href":"https:\/\/www.ilmercoledi.news\/ilmercoledi\/news\/wp-json\/wp\/v2\/media?parent=75702"}],"wp:term":[{"taxonomy":"category","embeddable":true,"href":"https:\/\/www.ilmercoledi.news\/ilmercoledi\/news\/wp-json\/wp\/v2\/categories?post=75702"},{"taxonomy":"post_tag","embeddable":true,"href":"https:\/\/www.ilmercoledi.news\/ilmercoledi\/news\/wp-json\/wp\/v2\/tags?post=75702"},{"taxonomy":"news-destination","embeddable":true,"href":"https:\/\/www.ilmercoledi.news\/ilmercoledi\/news\/wp-json\/wp\/v2\/news-destination?post=75702"},{"taxonomy":"news-source","embeddable":true,"href":"https:\/\/www.ilmercoledi.news\/ilmercoledi\/news\/wp-json\/wp\/v2\/news-source?post=75702"},{"taxonomy":"is_homepage","embeddable":true,"href":"https:\/\/www.ilmercoledi.news\/ilmercoledi\/news\/wp-json\/wp\/v2\/is_homepage?post=75702"},{"taxonomy":"ta_other","embeddable":true,"href":"https:\/\/www.ilmercoledi.news\/ilmercoledi\/news\/wp-json\/wp\/v2\/ta_other?post=75702"}],"curies":[{"name":"wp","href":"https:\/\/api.w.org\/{rel}","templated":true}]}}